{"id":155063,"date":"2020-02-25T08:54:33","date_gmt":"2020-02-25T11:54:33","guid":{"rendered":"http:\/\/www.caririemacao.com\/1\/?p=155063"},"modified":"2020-02-25T08:54:35","modified_gmt":"2020-02-25T11:54:35","slug":"motociclista-morre-apos-cair-em-barranco-no-sertao-paraibano","status":"publish","type":"post","link":"https:\/\/www.caririemacao.com\/1\/2020\/02\/25\/motociclista-morre-apos-cair-em-barranco-no-sertao-paraibano\/","title":{"rendered":"Motociclista morre ap\u00f3s cair em barranco no Sert\u00e3o paraibano"},"content":{"rendered":"\n<p>Um jovem de 22 anos morreu na noite de ontem (23), na PB 417, no munic\u00edpio de Bom Jesus, no Sert\u00e3o da Para\u00edba.&nbsp;Jos\u00e9 Alysson F\u00e9lix Pinheiro, tr\u00e2nsitava em sua moto Honda Broz, quando em determinado momento perde o controle da dire\u00e7\u00e3o do ve\u00edculo.<\/p>\n\n\n\n<p>O motoqueiro desceu um pequeno barranco, caiu e sofreu uma forte pancada na cabe\u00e7a, vindo a \u00f3bito ainda no local do acidente.&nbsp;O Servi\u00e7o de Atendimento M\u00f3vel de Urg\u00eancia \u2013 SAMU ainda foi acionado, mas quando os profissionais da sa\u00fade chegaram no local a v\u00edtima j\u00e1 estava morta<\/p>\n","protected":false},"excerpt":{"rendered":"<p>Um jovem de 22 anos morreu na noite de ontem (23), na PB 417, no munic\u00edpio de Bom Jesus, no Sert\u00e3o da Para\u00edba.&nbsp;Jos\u00e9 Alysson F\u00e9lix&hellip; <\/p>\n","protected":false},"author":2,"featured_media":150992,"comment_status":"closed","ping_status":"closed","sticky":false,"template":"","format":"standard","meta":{"sfsi_plus_gutenberg_text_before_share":"","sfsi_plus_gutenberg_show_text_before_share":"","sfsi_plus_gutenberg_icon_type":"","sfsi_plus_gutenberg_icon_alignemt":"","sfsi_plus_gutenburg_max_per_row":"","footnotes":""},"categories":[12],"tags":[],"class_list":["post-155063","post","type-post","status-publish","format-standard","has-post-thumbnail","hentry","category-policia"],"_links":{"self":[{"href":"https:\/\/www.caririemacao.com\/1\/wp-json\/wp\/v2\/posts\/155063","targetHints":{"allow":["GET"]}}],"collection":[{"href":"https:\/\/www.caririemacao.com\/1\/wp-json\/wp\/v2\/posts"}],"about":[{"href":"https:\/\/www.caririemacao.com\/1\/wp-json\/wp\/v2\/types\/post"}],"author":[{"embeddable":true,"href":"https:\/\/www.caririemacao.com\/1\/wp-json\/wp\/v2\/users\/2"}],"replies":[{"embeddable":true,"href":"https:\/\/www.caririemacao.com\/1\/wp-json\/wp\/v2\/comments?post=155063"}],"version-history":[{"count":1,"href":"https:\/\/www.caririemacao.com\/1\/wp-json\/wp\/v2\/posts\/155063\/revisions"}],"predecessor-version":[{"id":155064,"href":"https:\/\/www.caririemacao.com\/1\/wp-json\/wp\/v2\/posts\/155063\/revisions\/155064"}],"wp:featuredmedia":[{"embeddable":true,"href":"https:\/\/www.caririemacao.com\/1\/wp-json\/wp\/v2\/media\/150992"}],"wp:attachment":[{"href":"https:\/\/www.caririemacao.com\/1\/wp-json\/wp\/v2\/media?parent=155063"}],"wp:term":[{"taxonomy":"category","embeddable":true,"href":"https:\/\/www.caririemacao.com\/1\/wp-json\/wp\/v2\/categories?post=155063"},{"taxonomy":"post_tag","embeddable":true,"href":"https:\/\/www.caririemacao.com\/1\/wp-json\/wp\/v2\/tags?post=155063"}],"curies":[{"name":"wp","href":"https:\/\/api.w.org\/{rel}","templated":true}]}}