{"id":155067,"date":"2020-02-25T08:56:33","date_gmt":"2020-02-25T11:56:33","guid":{"rendered":"http:\/\/www.caririemacao.com\/1\/?p=155067"},"modified":"2020-02-25T08:56:35","modified_gmt":"2020-02-25T11:56:35","slug":"recorrendo-em-liberdade-lula-vai-a-franca-suica-e-alemanha","status":"publish","type":"post","link":"https:\/\/www.caririemacao.com\/1\/2020\/02\/25\/recorrendo-em-liberdade-lula-vai-a-franca-suica-e-alemanha\/","title":{"rendered":"Recorrendo em liberdade, Lula vai \u00e0 Fran\u00e7a, Su\u00ed\u00e7a e Alemanha"},"content":{"rendered":"\n<p>Condenado a 25 anos de pris\u00e3o nos processos que o relacionam ao recebimento de vantagens indevidas por meio de um apartamento tr\u00edplex e de um s\u00edtio, o ex-presidente Luiz In\u00e1cio Lula da Silva informou nesta segunda-feira \u00e0 Justi\u00e7a Federal que viajar\u00e1 a tr\u00eas pa\u00edses europeus para cumprir agenda privada.&nbsp;<\/p>\n\n\n\n<p>O petista recorre das duas condena\u00e7\u00f5es em liberdade ap\u00f3s o Supremo Tribunal Federal (STF) ter revisto entendimento no final do ano passado favor\u00e1vel \u00e0 possibilidade de pris\u00e3o ap\u00f3s condena\u00e7\u00e3o em segunda inst\u00e2ncia.&nbsp;<\/p>\n\n\n\n<p>Ele permaneceu preso por 580 dias quando ainda vigorava a pris\u00e3o em segundo grau e agora s\u00f3 voltar\u00e1 para a cadeia nesses processos depois terem esgotados todos os recursos judiciais poss\u00edveis.<\/p>\n\n\n\n<p>Em peti\u00e7\u00e3o encaminhada ao juiz Luiz Antonio Bonat, sucessor de Sergio Moro na Lava-Jato em Curitiba, a defesa de Lula informa que o ex-presidente viajar\u00e1 para Paris no pr\u00f3ximo dia 29 de fevereiro e receber\u00e1 na capital francesa o t\u00edtulo de Cidad\u00e3o Honor\u00e1rio de Paris.&nbsp;<\/p>\n\n\n\n<p>Entre os dias 5 e 7 de mar\u00e7o, ele estar\u00e1 em Genebra, na Su\u00ed\u00e7a, para reuni\u00f5es e encontros com lideran\u00e7as e representantes do movimento sindical e social e no Conselho Mundial de Igrejas e, dos dias 7 a 11 de mar\u00e7o, em Berlim, na Alemanha, para reuni\u00f5es com movimentos sindicais e sociais.<\/p>\n\n\n\n<p>No \u00faltimo dia 13, o ex-presidente Luiz In\u00e1cio Lula da Silva se encontrou com o papa Francisco, no Vaticano. Por conta da viagem, o petista conseguiu adiar na Justi\u00e7a o depoimento que deveria prestar na opera\u00e7\u00e3o Zelotes.<\/p>\n\n\n\n<p>Ap\u00f3s o encontro, Lula disse em seu perfil no&nbsp;<a href=\"https:\/\/www.clickpb.com.br\/religiao\/lula-encontra-com-papa-francisco-no-vaticano-277904.html\">Twitter que a reuni\u00e3o com o pont\u00edfice serviu para \u201cconversar sobre um mundo mais justo e fraterno\u201d<\/a>. Apesar de condenado na Lava-Jato, o ex-presidente n\u00e3o tem restri\u00e7\u00f5es de viagens impostas pela Justi\u00e7a.<\/p>\n","protected":false},"excerpt":{"rendered":"<p>Condenado a 25 anos de pris\u00e3o nos processos que o relacionam ao recebimento de vantagens indevidas por meio de um apartamento tr\u00edplex e de um&hellip; <\/p>\n","protected":false},"author":2,"featured_media":77383,"comment_status":"closed","ping_status":"closed","sticky":false,"template":"","format":"standard","meta":{"sfsi_plus_gutenberg_text_before_share":"","sfsi_plus_gutenberg_show_text_before_share":"","sfsi_plus_gutenberg_icon_type":"","sfsi_plus_gutenberg_icon_alignemt":"","sfsi_plus_gutenburg_max_per_row":"","footnotes":""},"categories":[11],"tags":[],"class_list":["post-155067","post","type-post","status-publish","format-standard","has-post-thumbnail","hentry","category-politica"],"_links":{"self":[{"href":"https:\/\/www.caririemacao.com\/1\/wp-json\/wp\/v2\/posts\/155067","targetHints":{"allow":["GET"]}}],"collection":[{"href":"https:\/\/www.caririemacao.com\/1\/wp-json\/wp\/v2\/posts"}],"about":[{"href":"https:\/\/www.caririemacao.com\/1\/wp-json\/wp\/v2\/types\/post"}],"author":[{"embeddable":true,"href":"https:\/\/www.caririemacao.com\/1\/wp-json\/wp\/v2\/users\/2"}],"replies":[{"embeddable":true,"href":"https:\/\/www.caririemacao.com\/1\/wp-json\/wp\/v2\/comments?post=155067"}],"version-history":[{"count":1,"href":"https:\/\/www.caririemacao.com\/1\/wp-json\/wp\/v2\/posts\/155067\/revisions"}],"predecessor-version":[{"id":155068,"href":"https:\/\/www.caririemacao.com\/1\/wp-json\/wp\/v2\/posts\/155067\/revisions\/155068"}],"wp:featuredmedia":[{"embeddable":true,"href":"https:\/\/www.caririemacao.com\/1\/wp-json\/wp\/v2\/media\/77383"}],"wp:attachment":[{"href":"https:\/\/www.caririemacao.com\/1\/wp-json\/wp\/v2\/media?parent=155067"}],"wp:term":[{"taxonomy":"category","embeddable":true,"href":"https:\/\/www.caririemacao.com\/1\/wp-json\/wp\/v2\/categories?post=155067"},{"taxonomy":"post_tag","embeddable":true,"href":"https:\/\/www.caririemacao.com\/1\/wp-json\/wp\/v2\/tags?post=155067"}],"curies":[{"name":"wp","href":"https:\/\/api.w.org\/{rel}","templated":true}]}}