{"id":155070,"date":"2020-02-25T08:58:35","date_gmt":"2020-02-25T11:58:35","guid":{"rendered":"http:\/\/www.caririemacao.com\/1\/?p=155070"},"modified":"2020-02-25T08:58:37","modified_gmt":"2020-02-25T11:58:37","slug":"chuvas-sao-registradas-em-cidades-do-cariri-no-domingo-de-carnaval-e-rios-amanhecem-com-enchentes","status":"publish","type":"post","link":"https:\/\/www.caririemacao.com\/1\/2020\/02\/25\/chuvas-sao-registradas-em-cidades-do-cariri-no-domingo-de-carnaval-e-rios-amanhecem-com-enchentes\/","title":{"rendered":"Chuvas s\u00e3o registradas em cidades do Cariri no domingo de carnaval e rios amanhecem com enchentes"},"content":{"rendered":"\n<p>Neste domingo de carnaval, dia 23 de fevereiro, algumas cidades da regi\u00e3o do Cariri paraibano, registraram fortes chuvas e em cidades, como Sum\u00e9, mananciais&nbsp;amanheceram com uma forte enchente.<\/p>\n\n\n\n<div class=\"wp-block-image\"><figure class=\"alignright\"><img decoding=\"async\" data-src=\"http:\/\/deolhonocariri.com.br\/wp-content\/uploads\/2020\/02\/Captura-de-Tela-43.png\" alt=\"\" class=\"wp-image-78380 lazyload\" src=\"data:image\/svg+xml;base64,PHN2ZyB3aWR0aD0iMSIgaGVpZ2h0PSIxIiB4bWxucz0iaHR0cDovL3d3dy53My5vcmcvMjAwMC9zdmciPjwvc3ZnPg==\" \/><\/figure><\/div>\n\n\n\n<p>Em Serra Branca, uma forte chuva caiu no in\u00edcio da noite, mas mesmo assim n\u00e3o foi motivo para dispersar os foli\u00f5es, que debaixo de chuva, tomaram banho e logo em seguida se divertiram com shows em pra\u00e7a p\u00fablica.<\/p>\n\n\n\n<p>J\u00e1 no munic\u00edpio de Sum\u00e9, uma forte chuva foi registrada e os rios Sucuru e Riach\u00e3o amanheceram com uma forte enchente. O a\u00e7ude de Sum\u00e9 come\u00e7ou a receber recargas em seu reservat\u00f3rio.&nbsp;<\/p>\n\n\n\n<p>Segundo dados fornecidos pela EMPAER, os maiores \u00edndices foram registrados nos munic\u00edpios de Ouro Velho, Prata e Monteiro.<\/p>\n\n\n\n<p><strong>Confira os dados pluviom\u00e9tricos das chuvas ca\u00eddas neste domingo na regi\u00e3o:<\/strong><\/p>\n\n\n\n<p><strong>Serra Branca 18,2 mm;<\/strong><\/p>\n\n\n\n<p><strong>Prata 66,1 mm;<\/strong><\/p>\n\n\n\n<p><strong>Livramento 26,88 mm<\/strong><\/p>\n\n\n\n<p><strong>Tapero\u00e1 15,3 mm&nbsp; &nbsp; &nbsp; &nbsp; &nbsp; &nbsp; &nbsp; &nbsp; &nbsp; &nbsp; &nbsp; &nbsp; &nbsp; &nbsp; &nbsp; &nbsp; &nbsp; &nbsp; &nbsp; &nbsp; &nbsp; &nbsp; &nbsp; &nbsp; &nbsp; &nbsp; &nbsp; &nbsp; &nbsp; &nbsp; &nbsp; &nbsp; &nbsp; &nbsp; &nbsp; &nbsp; &nbsp; &nbsp; &nbsp; &nbsp; &nbsp; &nbsp; &nbsp; &nbsp; &nbsp; &nbsp; &nbsp; &nbsp; &nbsp; &nbsp; &nbsp; &nbsp; &nbsp; &nbsp; &nbsp; &nbsp; &nbsp; &nbsp; &nbsp; &nbsp; &nbsp; &nbsp; &nbsp; &nbsp; &nbsp; &nbsp; &nbsp; &nbsp; &nbsp;<\/strong><\/p>\n\n\n\n<p><strong>Ouro Velho: 77,0 mm&nbsp; &nbsp; &nbsp; &nbsp; &nbsp; &nbsp; &nbsp; &nbsp; &nbsp; &nbsp; &nbsp; &nbsp; &nbsp; &nbsp; &nbsp; &nbsp; &nbsp; &nbsp; &nbsp; &nbsp; &nbsp; &nbsp; &nbsp; &nbsp; &nbsp; &nbsp; &nbsp; &nbsp; &nbsp; &nbsp; &nbsp; &nbsp; &nbsp; &nbsp; &nbsp; &nbsp; &nbsp; &nbsp; &nbsp; &nbsp; &nbsp; &nbsp; &nbsp; &nbsp; &nbsp; &nbsp; &nbsp; &nbsp; &nbsp; &nbsp; &nbsp; &nbsp; &nbsp; &nbsp; &nbsp; &nbsp; &nbsp; &nbsp; &nbsp; &nbsp; &nbsp; &nbsp; &nbsp; &nbsp; &nbsp; &nbsp;<\/strong><\/p>\n\n\n\n<p><strong>Monteiro: 50,0 mm<\/strong><\/p>\n\n\n\n<p><strong>De Olho no Cariri<\/strong><\/p>\n","protected":false},"excerpt":{"rendered":"<p>Neste domingo de carnaval, dia 23 de fevereiro, algumas cidades da regi\u00e3o do Cariri paraibano, registraram fortes chuvas e em cidades, como Sum\u00e9, mananciais&nbsp;amanheceram com&hellip; <\/p>\n","protected":false},"author":2,"featured_media":155071,"comment_status":"closed","ping_status":"closed","sticky":false,"template":"","format":"standard","meta":{"sfsi_plus_gutenberg_text_before_share":"","sfsi_plus_gutenberg_show_text_before_share":"","sfsi_plus_gutenberg_icon_type":"","sfsi_plus_gutenberg_icon_alignemt":"","sfsi_plus_gutenburg_max_per_row":"","footnotes":""},"categories":[6],"tags":[],"class_list":["post-155070","post","type-post","status-publish","format-standard","has-post-thumbnail","hentry","category-cidades"],"_links":{"self":[{"href":"https:\/\/www.caririemacao.com\/1\/wp-json\/wp\/v2\/posts\/155070","targetHints":{"allow":["GET"]}}],"collection":[{"href":"https:\/\/www.caririemacao.com\/1\/wp-json\/wp\/v2\/posts"}],"about":[{"href":"https:\/\/www.caririemacao.com\/1\/wp-json\/wp\/v2\/types\/post"}],"author":[{"embeddable":true,"href":"https:\/\/www.caririemacao.com\/1\/wp-json\/wp\/v2\/users\/2"}],"replies":[{"embeddable":true,"href":"https:\/\/www.caririemacao.com\/1\/wp-json\/wp\/v2\/comments?post=155070"}],"version-history":[{"count":1,"href":"https:\/\/www.caririemacao.com\/1\/wp-json\/wp\/v2\/posts\/155070\/revisions"}],"predecessor-version":[{"id":155072,"href":"https:\/\/www.caririemacao.com\/1\/wp-json\/wp\/v2\/posts\/155070\/revisions\/155072"}],"wp:featuredmedia":[{"embeddable":true,"href":"https:\/\/www.caririemacao.com\/1\/wp-json\/wp\/v2\/media\/155071"}],"wp:attachment":[{"href":"https:\/\/www.caririemacao.com\/1\/wp-json\/wp\/v2\/media?parent=155070"}],"wp:term":[{"taxonomy":"category","embeddable":true,"href":"https:\/\/www.caririemacao.com\/1\/wp-json\/wp\/v2\/categories?post=155070"},{"taxonomy":"post_tag","embeddable":true,"href":"https:\/\/www.caririemacao.com\/1\/wp-json\/wp\/v2\/tags?post=155070"}],"curies":[{"name":"wp","href":"https:\/\/api.w.org\/{rel}","templated":true}]}}