{"id":155074,"date":"2020-02-25T09:01:49","date_gmt":"2020-02-25T12:01:49","guid":{"rendered":"http:\/\/www.caririemacao.com\/1\/?p=155074"},"modified":"2020-02-25T09:01:51","modified_gmt":"2020-02-25T12:01:51","slug":"brasil-e-o-segundo-pais-que-mais-fica-conectado-nas-redes-sociais","status":"publish","type":"post","link":"https:\/\/www.caririemacao.com\/1\/2020\/02\/25\/brasil-e-o-segundo-pais-que-mais-fica-conectado-nas-redes-sociais\/","title":{"rendered":"Brasil \u00e9 o segundo pa\u00eds que mais fica conectado nas redes sociais"},"content":{"rendered":"\n<p>A<strong>&nbsp;tecnologia&nbsp;<\/strong>nas nossas vidas pode ser boa, mas em excesso ou usada de forma errada pode trazer diversos problemas, inclusive, mentais.<\/p>\n\n\n\n<p>A presidente do Instituto Bem do Estar,\u00a0<strong>Isabel Mar\u00e7al<\/strong>, conversou com a apresentadora F\u00e1tima Santos, durante o programa<strong>\u00a0Revista Brasil<\/strong>, e falou sobre como o\u00a0<strong>Carnaval<\/strong>, um per\u00edodo considerado de festa e folia, pode influenciar negativamente para quem usa as redes sociais.<\/p>\n\n\n\n<p>Isabel afirmou que em \u00e9pocas de festividades, quem est\u00e1 apenas consumindo a rede social, sem curtir, diminuem a autoestima.<\/p>\n\n\n\n<h3 class=\"wp-block-heading\">&#8220;A gente come\u00e7a a viver uma vida que n\u00e3o \u00e9 nossa&#8221;, refor\u00e7ou.<\/h3>\n\n\n\n<p>De acordo com ela, isso estimula o aumento de casos de ansiedade e depress\u00e3o.<\/p>\n\n\n\n<p>Para ela, o ideal \u00e9 n\u00e3o permitir que a vida virtual sobreponha a real.<\/p>\n\n\n\n<h3 class=\"wp-block-heading\">&#8220;A rede n\u00e3o pode ser indiscriminada, tem que prestar aten\u00e7\u00e3o nisso&#8221;, finalizou.<\/h3>\n","protected":false},"excerpt":{"rendered":"<p>A&nbsp;tecnologia&nbsp;nas nossas vidas pode ser boa, mas em excesso ou usada de forma errada pode trazer diversos problemas, inclusive, mentais. A presidente do Instituto Bem&hellip; <\/p>\n","protected":false},"author":2,"featured_media":25218,"comment_status":"closed","ping_status":"closed","sticky":false,"template":"","format":"standard","meta":{"sfsi_plus_gutenberg_text_before_share":"","sfsi_plus_gutenberg_show_text_before_share":"","sfsi_plus_gutenberg_icon_type":"","sfsi_plus_gutenberg_icon_alignemt":"","sfsi_plus_gutenburg_max_per_row":"","footnotes":""},"categories":[50,2],"tags":[],"class_list":["post-155074","post","type-post","status-publish","format-standard","has-post-thumbnail","hentry","category-destaque","category-geral"],"_links":{"self":[{"href":"https:\/\/www.caririemacao.com\/1\/wp-json\/wp\/v2\/posts\/155074","targetHints":{"allow":["GET"]}}],"collection":[{"href":"https:\/\/www.caririemacao.com\/1\/wp-json\/wp\/v2\/posts"}],"about":[{"href":"https:\/\/www.caririemacao.com\/1\/wp-json\/wp\/v2\/types\/post"}],"author":[{"embeddable":true,"href":"https:\/\/www.caririemacao.com\/1\/wp-json\/wp\/v2\/users\/2"}],"replies":[{"embeddable":true,"href":"https:\/\/www.caririemacao.com\/1\/wp-json\/wp\/v2\/comments?post=155074"}],"version-history":[{"count":1,"href":"https:\/\/www.caririemacao.com\/1\/wp-json\/wp\/v2\/posts\/155074\/revisions"}],"predecessor-version":[{"id":155075,"href":"https:\/\/www.caririemacao.com\/1\/wp-json\/wp\/v2\/posts\/155074\/revisions\/155075"}],"wp:featuredmedia":[{"embeddable":true,"href":"https:\/\/www.caririemacao.com\/1\/wp-json\/wp\/v2\/media\/25218"}],"wp:attachment":[{"href":"https:\/\/www.caririemacao.com\/1\/wp-json\/wp\/v2\/media?parent=155074"}],"wp:term":[{"taxonomy":"category","embeddable":true,"href":"https:\/\/www.caririemacao.com\/1\/wp-json\/wp\/v2\/categories?post=155074"},{"taxonomy":"post_tag","embeddable":true,"href":"https:\/\/www.caririemacao.com\/1\/wp-json\/wp\/v2\/tags?post=155074"}],"curies":[{"name":"wp","href":"https:\/\/api.w.org\/{rel}","templated":true}]}}