{"id":155080,"date":"2020-02-25T09:04:10","date_gmt":"2020-02-25T12:04:10","guid":{"rendered":"http:\/\/www.caririemacao.com\/1\/?p=155080"},"modified":"2020-02-25T09:04:12","modified_gmt":"2020-02-25T12:04:12","slug":"plano-de-saude-coletivo-nao-pode-ser-cancelado-durante-tratamento","status":"publish","type":"post","link":"https:\/\/www.caririemacao.com\/1\/2020\/02\/25\/plano-de-saude-coletivo-nao-pode-ser-cancelado-durante-tratamento\/","title":{"rendered":"Plano de sa\u00fade coletivo n\u00e3o pode ser cancelado durante tratamento"},"content":{"rendered":"\n<p>O Superior Tribunal de Justi\u00e7a (STJ) definiu que as operadoras de plano de sa\u00fade coletivo n\u00e3o podem romper o contrato de presta\u00e7\u00e3o dos servi\u00e7os durante o tratamento m\u00e9dico. Pela decis\u00e3o, a cobertura deve valer enquanto os benefici\u00e1rios estiverem internados ou em tratamento e s\u00f3 pode terminar ap\u00f3s a alta m\u00e9dica.<\/p>\n\n\n\n<p>O caso julgado pelo STJ envolveu uma operadora de plano de sa\u00fade que cancelou unilateralmente&nbsp;o plano coletivo de 203 funcion\u00e1rios de uma transportadora, que recorreu \u00e0 Justi\u00e7a para manter a continuidade&nbsp;da cobertura.<\/p>\n\n\n\n<p>Apesar de garantir a cobertura para quem est\u00e1 em tratamento, a Terceira Turma do tribunal entendeu que as operadoras podem cancelar o contrato por conta pr\u00f3pria, no entanto, al\u00e9m de manter&nbsp;o tratamento, devem cumprir a vig\u00eancia de 12 meses e notificar os trabalhadores com anteced\u00eancia m\u00ednima de 60 dias. O julgamento ocorreu em outubro do ano passado, mas o ac\u00f3rd\u00e3o, que \u00e9 a decis\u00e3o final, foi divulgada nesta semana pelo STJ.<\/p>\n\n\n\n<p>Durante o julgamento, prevaleceu o voto do relator, ministro Marco Aur\u00e9lio Bellizze. Para o ministro, embora a&nbsp;Lei dos Planos de Sa\u00fade (Lei 9.656\/1998) pro\u00edba a suspens\u00e3o ou rescis\u00e3o&nbsp;somente de planos individuais,&nbsp;o direito \u00e0 sa\u00fade benefici\u00e1rio se sobrep\u00f5em a cl\u00e1usulas&nbsp;contratuais tamb\u00e9m nos contratos coletivos.<\/p>\n\n\n\n<blockquote class=\"wp-block-quote is-layout-flow wp-block-quote-is-layout-flow\"><p>&#8220;Entretanto, n\u00e3o obstante seja poss\u00edvel a resili\u00e7\u00e3o unilateral e imotivada do contrato de plano de sa\u00fade coletivo, deve ser resguardado o direito daqueles benefici\u00e1rios que estejam internados ou em pleno tratamento m\u00e9dico, observando-se, assim, os princ\u00edpios da boa-f\u00e9, da seguran\u00e7a jur\u00eddica e da dignidade da pessoa humana&#8221;, definiu o ac\u00f3rd\u00e3o.&nbsp;<\/p><\/blockquote>\n\n\n\n<h2 class=\"wp-block-heading\">Judicializa\u00e7\u00e3o da sa\u00fade<\/h2>\n\n\n\n<p>Segundo o Conselho Nacional de Justi\u00e7a (CNJ), a\u00a0<a rel=\"noreferrer noopener\" href=\"http:\/\/agenciabrasil.ebc.com.br\/justica\/noticia\/2019-03\/judicializacao-na-saude-cresce-130-no-pais-mostra-estudo\" target=\"_blank\">judicializa\u00e7\u00e3o na sa\u00fade<\/a>\u00a0cresceu\u00a0aproximadamente 130% nas demandas de primeira inst\u00e2ncia da Justi\u00e7a entre 2008 e 2017. Problemas com os conv\u00eanios foram a maior causa (30,3%) dos pedidos de processos relacionados ao assunto no pa\u00eds.\u00a0<\/p>\n\n\n\n<p><\/p>\n\n\n\n<p>EBC<\/p>\n","protected":false},"excerpt":{"rendered":"<p>O Superior Tribunal de Justi\u00e7a (STJ) definiu que as operadoras de plano de sa\u00fade coletivo n\u00e3o podem romper o contrato de presta\u00e7\u00e3o dos servi\u00e7os durante&hellip; <\/p>\n","protected":false},"author":2,"featured_media":87025,"comment_status":"closed","ping_status":"closed","sticky":false,"template":"","format":"standard","meta":{"sfsi_plus_gutenberg_text_before_share":"","sfsi_plus_gutenberg_show_text_before_share":"","sfsi_plus_gutenberg_icon_type":"","sfsi_plus_gutenberg_icon_alignemt":"","sfsi_plus_gutenburg_max_per_row":"","footnotes":""},"categories":[16],"tags":[],"class_list":["post-155080","post","type-post","status-publish","format-standard","has-post-thumbnail","hentry","category-saude"],"_links":{"self":[{"href":"https:\/\/www.caririemacao.com\/1\/wp-json\/wp\/v2\/posts\/155080","targetHints":{"allow":["GET"]}}],"collection":[{"href":"https:\/\/www.caririemacao.com\/1\/wp-json\/wp\/v2\/posts"}],"about":[{"href":"https:\/\/www.caririemacao.com\/1\/wp-json\/wp\/v2\/types\/post"}],"author":[{"embeddable":true,"href":"https:\/\/www.caririemacao.com\/1\/wp-json\/wp\/v2\/users\/2"}],"replies":[{"embeddable":true,"href":"https:\/\/www.caririemacao.com\/1\/wp-json\/wp\/v2\/comments?post=155080"}],"version-history":[{"count":1,"href":"https:\/\/www.caririemacao.com\/1\/wp-json\/wp\/v2\/posts\/155080\/revisions"}],"predecessor-version":[{"id":155081,"href":"https:\/\/www.caririemacao.com\/1\/wp-json\/wp\/v2\/posts\/155080\/revisions\/155081"}],"wp:featuredmedia":[{"embeddable":true,"href":"https:\/\/www.caririemacao.com\/1\/wp-json\/wp\/v2\/media\/87025"}],"wp:attachment":[{"href":"https:\/\/www.caririemacao.com\/1\/wp-json\/wp\/v2\/media?parent=155080"}],"wp:term":[{"taxonomy":"category","embeddable":true,"href":"https:\/\/www.caririemacao.com\/1\/wp-json\/wp\/v2\/categories?post=155080"},{"taxonomy":"post_tag","embeddable":true,"href":"https:\/\/www.caririemacao.com\/1\/wp-json\/wp\/v2\/tags?post=155080"}],"curies":[{"name":"wp","href":"https:\/\/api.w.org\/{rel}","templated":true}]}}