{"id":155090,"date":"2020-02-25T09:11:38","date_gmt":"2020-02-25T12:11:38","guid":{"rendered":"http:\/\/www.caririemacao.com\/1\/?p=155090"},"modified":"2020-02-25T09:11:40","modified_gmt":"2020-02-25T12:11:40","slug":"chuvas-fortes-sao-registradas-durante-o-final-de-semana-no-cariri","status":"publish","type":"post","link":"https:\/\/www.caririemacao.com\/1\/2020\/02\/25\/chuvas-fortes-sao-registradas-durante-o-final-de-semana-no-cariri\/","title":{"rendered":"Chuvas fortes s\u00e3o registradas durante o final de semana no Cariri"},"content":{"rendered":"\n<p>O final de semana foi de muita chuva em munic\u00edpios do Cariri paraibano.<\/p>\n\n\n\n<p>Na noite deste domingo, 23, moradores de Serra Branca, que estavam na pra\u00e7a da cidade, registraram o momento em come\u00e7ou a chover. As imagens divulgadas nas redes sociais, mostram os moradores correndo para tentar se esconder.<\/p>\n\n\n\n<p>Na manh\u00e3 de hoje, 24, na mesma cidade, o rio Sucuri, registrou grande aumento no volume.<\/p>\n\n\n\n<figure class=\"wp-block-image\"><img decoding=\"async\" data-src=\"https:\/\/paraibaonline.com.br\/wp-content\/uploads\/2020\/02\/chuva-cariri-567x315.jpg\" alt=\"Foto: Reprodu\u00e7\u00e3o\/ TV Para\u00edba\" class=\"wp-image-839395 lazyload\" src=\"data:image\/svg+xml;base64,PHN2ZyB3aWR0aD0iMSIgaGVpZ2h0PSIxIiB4bWxucz0iaHR0cDovL3d3dy53My5vcmcvMjAwMC9zdmciPjwvc3ZnPg==\" style=\"--smush-placeholder-width: 567px; --smush-placeholder-aspect-ratio: 567\/315;\" \/><\/figure>\n\n\n\n<p>Foto: Reprodu\u00e7\u00e3o\/ TV Para\u00edba<\/p>\n\n\n\n<p>Em Sum\u00e9, a chuva foi forte tamb\u00e9m na zona rural.<\/p>\n\n\n\n<p>Os \u00edndices pluviom\u00e9tricos registrados na regi\u00e3o ainda n\u00e3o foram divulgados pela Aesa, devido ao per\u00edodo de recesso do Carnaval.<\/p>\n\n\n\n<p>O Instituto Nacional de Meteorologia divulgou novo alerta de chuvas fortes para 97 munic\u00edpios da Para\u00edba, localizados no Sert\u00e3o, Alto Sert\u00e3o, Cariri e Agreste.<\/p>\n\n\n\n<p>*Com informa\u00e7\u00f5es da TV Para\u00edba<\/p>\n","protected":false},"excerpt":{"rendered":"<p>O final de semana foi de muita chuva em munic\u00edpios do Cariri paraibano. Na noite deste domingo, 23, moradores de Serra Branca, que estavam na&hellip; <\/p>\n","protected":false},"author":2,"featured_media":155091,"comment_status":"closed","ping_status":"closed","sticky":false,"template":"","format":"standard","meta":{"sfsi_plus_gutenberg_text_before_share":"","sfsi_plus_gutenberg_show_text_before_share":"","sfsi_plus_gutenberg_icon_type":"","sfsi_plus_gutenberg_icon_alignemt":"","sfsi_plus_gutenburg_max_per_row":"","footnotes":""},"categories":[2],"tags":[],"class_list":["post-155090","post","type-post","status-publish","format-standard","has-post-thumbnail","hentry","category-geral"],"_links":{"self":[{"href":"https:\/\/www.caririemacao.com\/1\/wp-json\/wp\/v2\/posts\/155090","targetHints":{"allow":["GET"]}}],"collection":[{"href":"https:\/\/www.caririemacao.com\/1\/wp-json\/wp\/v2\/posts"}],"about":[{"href":"https:\/\/www.caririemacao.com\/1\/wp-json\/wp\/v2\/types\/post"}],"author":[{"embeddable":true,"href":"https:\/\/www.caririemacao.com\/1\/wp-json\/wp\/v2\/users\/2"}],"replies":[{"embeddable":true,"href":"https:\/\/www.caririemacao.com\/1\/wp-json\/wp\/v2\/comments?post=155090"}],"version-history":[{"count":1,"href":"https:\/\/www.caririemacao.com\/1\/wp-json\/wp\/v2\/posts\/155090\/revisions"}],"predecessor-version":[{"id":155092,"href":"https:\/\/www.caririemacao.com\/1\/wp-json\/wp\/v2\/posts\/155090\/revisions\/155092"}],"wp:featuredmedia":[{"embeddable":true,"href":"https:\/\/www.caririemacao.com\/1\/wp-json\/wp\/v2\/media\/155091"}],"wp:attachment":[{"href":"https:\/\/www.caririemacao.com\/1\/wp-json\/wp\/v2\/media?parent=155090"}],"wp:term":[{"taxonomy":"category","embeddable":true,"href":"https:\/\/www.caririemacao.com\/1\/wp-json\/wp\/v2\/categories?post=155090"},{"taxonomy":"post_tag","embeddable":true,"href":"https:\/\/www.caririemacao.com\/1\/wp-json\/wp\/v2\/tags?post=155090"}],"curies":[{"name":"wp","href":"https:\/\/api.w.org\/{rel}","templated":true}]}}