{"id":155096,"date":"2020-02-25T09:14:46","date_gmt":"2020-02-25T12:14:46","guid":{"rendered":"http:\/\/www.caririemacao.com\/1\/?p=155096"},"modified":"2020-02-25T09:14:48","modified_gmt":"2020-02-25T12:14:48","slug":"novo-coronavirus-e-risco-para-economia-global-diz-g-20","status":"publish","type":"post","link":"https:\/\/www.caririemacao.com\/1\/2020\/02\/25\/novo-coronavirus-e-risco-para-economia-global-diz-g-20\/","title":{"rendered":"Novo coronav\u00edrus \u00e9 risco para economia global, diz G-20"},"content":{"rendered":"\n<p>s ministros das Finan\u00e7as do G-20 e presidentes de bancos centrais declararam que coronav\u00edrus constitui novo risco para a economia global e concordaram em adotar pol\u00edticas adequadas.<\/p>\n\n\n\n<p>A reuni\u00e3o de dois dias, realizada na Ar\u00e1bia Saudita, terminou nesse domingo com a divulga\u00e7\u00e3o de declara\u00e7\u00e3o conjunta.<\/p>\n\n\n\n<p>O documento prev\u00ea que o crescimento global se elevar\u00e1 moderadamente em 2020 e 2021. Menciona tamb\u00e9m riscos de queda provenientes de tens\u00f5es geopol\u00edticas e comerciais, al\u00e9m de incertezas sobre pol\u00edticas p\u00fablicas.<\/p>\n\n\n\n<p>A declara\u00e7\u00e3o se refere ainda \u00e0 crescente preocupa\u00e7\u00e3o sobre a propaga\u00e7\u00e3o do coronav\u00edrus.<\/p>\n\n\n\n<figure class=\"wp-block-image\"><img decoding=\"async\" data-src=\"https:\/\/paraibaonline.com.br\/wp-content\/uploads\/2020\/02\/laboratorio-corona2402.jpg\" alt=\"Foto: Divulga\u00e7\u00e3o\/Josu\u00e9 Damacena\" class=\"wp-image-839341 lazyload\" src=\"data:image\/svg+xml;base64,PHN2ZyB3aWR0aD0iMSIgaGVpZ2h0PSIxIiB4bWxucz0iaHR0cDovL3d3dy53My5vcmcvMjAwMC9zdmciPjwvc3ZnPg==\" \/><\/figure>\n\n\n\n<p>Foto: Divulga\u00e7\u00e3o\/Josu\u00e9 Damacena<\/p>\n\n\n\n<p>\u201cVamos ampliar o monitoramento do risco global, incluindo o do recente surto do Covid-19. Estamos preparados para adotar mais a\u00e7\u00f5es para enfrentar esses riscos\u201d.<\/p>\n\n\n\n<p>Depois da reuni\u00e3o, Haruhiko Kuroda, presidente do Banco do Jap\u00e3o, disse que se preocupa com o poss\u00edvel impacto do coronav\u00edrus sobre a economia e mercados financeiros do pa\u00eds. Ele prometeu adotar todas as medidas necess\u00e1rias.<\/p>\n\n\n\n<p>Alguns investidores e economistas estrangeiros manifestaram preocupa\u00e7\u00e3o com o impacto negativo do coronav\u00edrus sobre a economia japonesa e est\u00e3o monitorando atentamente a resposta do governo.<\/p>\n","protected":false},"excerpt":{"rendered":"<p>s ministros das Finan\u00e7as do G-20 e presidentes de bancos centrais declararam que coronav\u00edrus constitui novo risco para a economia global e concordaram em adotar&hellip; <\/p>\n","protected":false},"author":2,"featured_media":155097,"comment_status":"closed","ping_status":"closed","sticky":false,"template":"","format":"standard","meta":{"sfsi_plus_gutenberg_text_before_share":"","sfsi_plus_gutenberg_show_text_before_share":"","sfsi_plus_gutenberg_icon_type":"","sfsi_plus_gutenberg_icon_alignemt":"","sfsi_plus_gutenburg_max_per_row":"","footnotes":""},"categories":[2],"tags":[],"class_list":["post-155096","post","type-post","status-publish","format-standard","has-post-thumbnail","hentry","category-geral"],"_links":{"self":[{"href":"https:\/\/www.caririemacao.com\/1\/wp-json\/wp\/v2\/posts\/155096","targetHints":{"allow":["GET"]}}],"collection":[{"href":"https:\/\/www.caririemacao.com\/1\/wp-json\/wp\/v2\/posts"}],"about":[{"href":"https:\/\/www.caririemacao.com\/1\/wp-json\/wp\/v2\/types\/post"}],"author":[{"embeddable":true,"href":"https:\/\/www.caririemacao.com\/1\/wp-json\/wp\/v2\/users\/2"}],"replies":[{"embeddable":true,"href":"https:\/\/www.caririemacao.com\/1\/wp-json\/wp\/v2\/comments?post=155096"}],"version-history":[{"count":1,"href":"https:\/\/www.caririemacao.com\/1\/wp-json\/wp\/v2\/posts\/155096\/revisions"}],"predecessor-version":[{"id":155098,"href":"https:\/\/www.caririemacao.com\/1\/wp-json\/wp\/v2\/posts\/155096\/revisions\/155098"}],"wp:featuredmedia":[{"embeddable":true,"href":"https:\/\/www.caririemacao.com\/1\/wp-json\/wp\/v2\/media\/155097"}],"wp:attachment":[{"href":"https:\/\/www.caririemacao.com\/1\/wp-json\/wp\/v2\/media?parent=155096"}],"wp:term":[{"taxonomy":"category","embeddable":true,"href":"https:\/\/www.caririemacao.com\/1\/wp-json\/wp\/v2\/categories?post=155096"},{"taxonomy":"post_tag","embeddable":true,"href":"https:\/\/www.caririemacao.com\/1\/wp-json\/wp\/v2\/tags?post=155096"}],"curies":[{"name":"wp","href":"https:\/\/api.w.org\/{rel}","templated":true}]}}