{"id":155103,"date":"2020-02-25T11:10:17","date_gmt":"2020-02-25T14:10:17","guid":{"rendered":"http:\/\/www.caririemacao.com\/1\/?p=155103"},"modified":"2020-02-25T11:11:27","modified_gmt":"2020-02-25T14:11:27","slug":"prefeitura-realiza-pela-1a-vez-carnaval-em-barreiras-de-caraubas","status":"publish","type":"post","link":"https:\/\/www.caririemacao.com\/1\/2020\/02\/25\/prefeitura-realiza-pela-1a-vez-carnaval-em-barreiras-de-caraubas\/","title":{"rendered":"Prefeitura realiza pela 1\u00aa vez Carnaval em Barreiras de Cara\u00fabas"},"content":{"rendered":"\n<p>A programa\u00e7\u00e3o de carnaval realizada pela Prefeitura de Cara\u00fabas promoveu, de forma in\u00e9dita, um dia de carnaval no populoso distrito de Barreiras.<\/p>\n\n\n\n<figure class=\"wp-block-image size-large\"><img fetchpriority=\"high\" decoding=\"async\" width=\"1024\" height=\"678\" src=\"http:\/\/www.caririemacao.com\/1\/wp-content\/uploads\/2020\/02\/WhatsApp-Image-2020-02-25-at-10.50.31-1-1024x678.jpeg\" alt=\"\" class=\"wp-image-155156\" srcset=\"https:\/\/www.caririemacao.com\/1\/wp-content\/uploads\/2020\/02\/WhatsApp-Image-2020-02-25-at-10.50.31-1-1024x678.jpeg 1024w, https:\/\/www.caririemacao.com\/1\/wp-content\/uploads\/2020\/02\/WhatsApp-Image-2020-02-25-at-10.50.31-1-300x199.jpeg 300w, https:\/\/www.caririemacao.com\/1\/wp-content\/uploads\/2020\/02\/WhatsApp-Image-2020-02-25-at-10.50.31-1-768x508.jpeg 768w, https:\/\/www.caririemacao.com\/1\/wp-content\/uploads\/2020\/02\/WhatsApp-Image-2020-02-25-at-10.50.31-1.jpeg 1280w\" sizes=\"(max-width: 1024px) 100vw, 1024px\" \/><\/figure>\n\n\n\n<p>O Carnaval em Barreiras foi animado por Gil Camargo e Orquestra de Frevo.<\/p>\n\n\n\n<figure class=\"wp-block-image size-large\"><img decoding=\"async\" width=\"1024\" height=\"682\" data-src=\"http:\/\/www.caririemacao.com\/1\/wp-content\/uploads\/2020\/02\/WhatsApp-Image-2020-02-25-at-10.50.32-1024x682.jpeg\" alt=\"\" class=\"wp-image-155157 lazyload\" data-srcset=\"https:\/\/www.caririemacao.com\/1\/wp-content\/uploads\/2020\/02\/WhatsApp-Image-2020-02-25-at-10.50.32-1024x682.jpeg 1024w, https:\/\/www.caririemacao.com\/1\/wp-content\/uploads\/2020\/02\/WhatsApp-Image-2020-02-25-at-10.50.32-300x200.jpeg 300w, https:\/\/www.caririemacao.com\/1\/wp-content\/uploads\/2020\/02\/WhatsApp-Image-2020-02-25-at-10.50.32-768x512.jpeg 768w, https:\/\/www.caririemacao.com\/1\/wp-content\/uploads\/2020\/02\/WhatsApp-Image-2020-02-25-at-10.50.32.jpeg 1280w\" data-sizes=\"(max-width: 1024px) 100vw, 1024px\" src=\"data:image\/svg+xml;base64,PHN2ZyB3aWR0aD0iMSIgaGVpZ2h0PSIxIiB4bWxucz0iaHR0cDovL3d3dy53My5vcmcvMjAwMC9zdmciPjwvc3ZnPg==\" style=\"--smush-placeholder-width: 1024px; --smush-placeholder-aspect-ratio: 1024\/682;\" \/><\/figure>\n\n\n\n<p>Ao lado da primeira dama, a vereadora Neide, do vereador e presidente da C\u00e2mara Municipal Jos\u00e9 Franconero, vereadores Teinha, Tomaz e Fabinho, o prefeito Silvano agradeceu a presen\u00e7a dos moradores da comunidade. \u201cTe forma in\u00e9dita, estamos realizando o carnaval de Barreiras, um distrito que sempre teve nossa aten\u00e7\u00e3o com v\u00e1rias a\u00e7\u00f5es de nosso governo\u201d, acrescentou.<\/p>\n\n\n\n<p>A programa\u00e7\u00e3o desta segunda-feira, ainda continuou na sede\ndo munic\u00edpio com os shows de Alisson\nLevado e Gil Camargo. <\/p>\n\n\n\n<p>O encerramento do carnaval de Cara\u00fabas acontece nesta ter\u00e7a-feira, dia 25, com mais shows musicais. A partir das 20h, Bira El\u00e9trico e Gil Camargo.<\/p>\n\n\n\n<p><a href=\"https:\/\/www.facebook.com\/pg\/CaririEmAcao\/photos\/?tab=album&amp;album_id=1819804324822249\">CLIQUE AQUI E VEJA TODAS AS FOTOS.<\/a><\/p>\n\n\n\n<figure class=\"wp-block-embed\"><div class=\"wp-block-embed__wrapper\">\n<div class=\"ose- ose-uid-ed07d65e7980147ff7a27f4ff8eb4ca1 ose-embedpress-responsive\" style=\"width:600px; height:550px; max-height:550px; max-width:100%; display:inline-block;\" data-embed-type=\"Facebook\"><iframe allowFullScreen=\"true\" class=\"embera-facebook-iframe-cb58e lazyload\" data-src=\"https:\/\/www.facebook.com\/plugins\/post.php?href=https%3A%2F%2Fwww.facebook.com%2Fpg%2FCaririEmAcao%2Fphotos%2F%3Ftab%3Dalbum%26%23038%3Balbum_id%3D1819804324822249&width=600&height=550&show_text=true\" width=\"600\" height=\"550\" style=\"border:none;overflow:hidden\" scrolling=\"no\" frameborder=\"0\" allowTransparency=\"true\" src=\"data:image\/svg+xml;base64,PHN2ZyB3aWR0aD0iMSIgaGVpZ2h0PSIxIiB4bWxucz0iaHR0cDovL3d3dy53My5vcmcvMjAwMC9zdmciPjwvc3ZnPg==\" data-load-mode=\"1\"><\/iframe><\/div>\n<\/div><\/figure>\n","protected":false},"excerpt":{"rendered":"<p>A programa\u00e7\u00e3o de carnaval realizada pela Prefeitura de Cara\u00fabas promoveu, de forma in\u00e9dita, um dia de carnaval no populoso distrito de Barreiras. O Carnaval em&hellip; <\/p>\n","protected":false},"author":1,"featured_media":155155,"comment_status":"closed","ping_status":"closed","sticky":false,"template":"","format":"standard","meta":{"sfsi_plus_gutenberg_text_before_share":"","sfsi_plus_gutenberg_show_text_before_share":"","sfsi_plus_gutenberg_icon_type":"","sfsi_plus_gutenberg_icon_alignemt":"","sfsi_plus_gutenburg_max_per_row":"","footnotes":""},"categories":[6,50],"tags":[],"class_list":["post-155103","post","type-post","status-publish","format-standard","has-post-thumbnail","hentry","category-cidades","category-destaque"],"_links":{"self":[{"href":"https:\/\/www.caririemacao.com\/1\/wp-json\/wp\/v2\/posts\/155103","targetHints":{"allow":["GET"]}}],"collection":[{"href":"https:\/\/www.caririemacao.com\/1\/wp-json\/wp\/v2\/posts"}],"about":[{"href":"https:\/\/www.caririemacao.com\/1\/wp-json\/wp\/v2\/types\/post"}],"author":[{"embeddable":true,"href":"https:\/\/www.caririemacao.com\/1\/wp-json\/wp\/v2\/users\/1"}],"replies":[{"embeddable":true,"href":"https:\/\/www.caririemacao.com\/1\/wp-json\/wp\/v2\/comments?post=155103"}],"version-history":[{"count":3,"href":"https:\/\/www.caririemacao.com\/1\/wp-json\/wp\/v2\/posts\/155103\/revisions"}],"predecessor-version":[{"id":155159,"href":"https:\/\/www.caririemacao.com\/1\/wp-json\/wp\/v2\/posts\/155103\/revisions\/155159"}],"wp:featuredmedia":[{"embeddable":true,"href":"https:\/\/www.caririemacao.com\/1\/wp-json\/wp\/v2\/media\/155155"}],"wp:attachment":[{"href":"https:\/\/www.caririemacao.com\/1\/wp-json\/wp\/v2\/media?parent=155103"}],"wp:term":[{"taxonomy":"category","embeddable":true,"href":"https:\/\/www.caririemacao.com\/1\/wp-json\/wp\/v2\/categories?post=155103"},{"taxonomy":"post_tag","embeddable":true,"href":"https:\/\/www.caririemacao.com\/1\/wp-json\/wp\/v2\/tags?post=155103"}],"curies":[{"name":"wp","href":"https:\/\/api.w.org\/{rel}","templated":true}]}}