{"id":155105,"date":"2020-02-25T11:15:08","date_gmt":"2020-02-25T14:15:08","guid":{"rendered":"http:\/\/www.caririemacao.com\/1\/?p=155105"},"modified":"2020-02-25T11:15:09","modified_gmt":"2020-02-25T14:15:09","slug":"alisson-levado-e-gil-camargo-animam-segunda-feira-de-carnaval-em-caraubas","status":"publish","type":"post","link":"https:\/\/www.caririemacao.com\/1\/2020\/02\/25\/alisson-levado-e-gil-camargo-animam-segunda-feira-de-carnaval-em-caraubas\/","title":{"rendered":"Alisson Levado e Gil Camargo animam segunda-feira de Carnaval em Cara\u00fabas"},"content":{"rendered":"\n<p>Paralelo a folia de carnaval no distrito de Barreiras de Cara\u00fabas, a programa\u00e7\u00e3o de carnaval realizada pela Prefeitura de Cara\u00fabas continuou na sede do munic\u00edpio.<\/p>\n\n\n\n<p>Na pra\u00e7a p\u00fablica, cantaram Alisson Levado e Gil Camargo fazendo as pessoas dan\u00e7assem e divertissem ao lado de muito ax\u00e9 embalado por v\u00e1rios ritmos de carnaval. <\/p>\n\n\n\n<p>O prefeito Silvano lembrou que o encerramento do carnaval de Cara\u00fabas acontece nesta ter\u00e7a-feira, dia 25, com mais shows musicais. A partir das 20h, Bira El\u00e9trico e Gil Camargo.<\/p>\n\n\n\n<p><strong>CLIQUE E VEJA TODAS AS FOTOS.<\/strong><\/p>\n","protected":false},"excerpt":{"rendered":"<p>Paralelo a folia de carnaval no distrito de Barreiras de Cara\u00fabas, a programa\u00e7\u00e3o de carnaval realizada pela Prefeitura de Cara\u00fabas continuou na sede do munic\u00edpio.&hellip; <\/p>\n","protected":false},"author":1,"featured_media":155160,"comment_status":"closed","ping_status":"closed","sticky":false,"template":"","format":"standard","meta":{"sfsi_plus_gutenberg_text_before_share":"","sfsi_plus_gutenberg_show_text_before_share":"","sfsi_plus_gutenberg_icon_type":"","sfsi_plus_gutenberg_icon_alignemt":"","sfsi_plus_gutenburg_max_per_row":"","footnotes":""},"categories":[6,50],"tags":[],"class_list":["post-155105","post","type-post","status-publish","format-standard","has-post-thumbnail","hentry","category-cidades","category-destaque"],"_links":{"self":[{"href":"https:\/\/www.caririemacao.com\/1\/wp-json\/wp\/v2\/posts\/155105","targetHints":{"allow":["GET"]}}],"collection":[{"href":"https:\/\/www.caririemacao.com\/1\/wp-json\/wp\/v2\/posts"}],"about":[{"href":"https:\/\/www.caririemacao.com\/1\/wp-json\/wp\/v2\/types\/post"}],"author":[{"embeddable":true,"href":"https:\/\/www.caririemacao.com\/1\/wp-json\/wp\/v2\/users\/1"}],"replies":[{"embeddable":true,"href":"https:\/\/www.caririemacao.com\/1\/wp-json\/wp\/v2\/comments?post=155105"}],"version-history":[{"count":3,"href":"https:\/\/www.caririemacao.com\/1\/wp-json\/wp\/v2\/posts\/155105\/revisions"}],"predecessor-version":[{"id":155162,"href":"https:\/\/www.caririemacao.com\/1\/wp-json\/wp\/v2\/posts\/155105\/revisions\/155162"}],"wp:featuredmedia":[{"embeddable":true,"href":"https:\/\/www.caririemacao.com\/1\/wp-json\/wp\/v2\/media\/155160"}],"wp:attachment":[{"href":"https:\/\/www.caririemacao.com\/1\/wp-json\/wp\/v2\/media?parent=155105"}],"wp:term":[{"taxonomy":"category","embeddable":true,"href":"https:\/\/www.caririemacao.com\/1\/wp-json\/wp\/v2\/categories?post=155105"},{"taxonomy":"post_tag","embeddable":true,"href":"https:\/\/www.caririemacao.com\/1\/wp-json\/wp\/v2\/tags?post=155105"}],"curies":[{"name":"wp","href":"https:\/\/api.w.org\/{rel}","templated":true}]}}