{"id":155109,"date":"2020-02-25T10:10:47","date_gmt":"2020-02-25T13:10:47","guid":{"rendered":"http:\/\/www.caririemacao.com\/1\/?p=155109"},"modified":"2020-02-25T10:10:48","modified_gmt":"2020-02-25T13:10:48","slug":"federacao-pede-jogos-do-italiano-com-portoes-fechados-por-causa-de-coronavirus","status":"publish","type":"post","link":"https:\/\/www.caririemacao.com\/1\/2020\/02\/25\/federacao-pede-jogos-do-italiano-com-portoes-fechados-por-causa-de-coronavirus\/","title":{"rendered":"Federa\u00e7\u00e3o pede jogos do Italiano com port\u00f5es fechados por causa de Coronav\u00edrus"},"content":{"rendered":"\n<p>O presidente da Federa\u00e7\u00e3o de Futebol de It\u00e1lia, Gabriele Gravina, afirmou nesta&nbsp;segunda-feira&nbsp;(24) que fez um pedido formal ao Minist\u00e9rio do Esporte da It\u00e1lia para que as partidas do Campeonato Nacional da primeira divis\u00e3o sejam realizadas com port\u00f5es fechados (sem p\u00fablico) ap\u00f3s o aumento de casos de Coronav\u00edrus no pa\u00eds.<\/p>\n\n\n\n<p>A inten\u00e7\u00e3o inicial do Governo era de que n\u00e3o fosse realizado nenhum tipo de evento esportivo at\u00e9 o in\u00edcio&nbsp;de mar\u00e7o. Inclusive, no \u00faltimo final de semana foram adiados quatro jogos da S\u00e9rie A do Campeonato Italiano: Inter de Mil\u00e3o x Sampdoria, Atalanta x Sassuolo, Torino x Parma e Hellas Verona x Cagliari.<\/p>\n\n\n\n<p>Contudo, nesta&nbsp;segunda&nbsp;a Federa\u00e7\u00e3o Italiana prop\u00f4s uma medida alternativa, a realiza\u00e7\u00e3o de jogos com port\u00f5es fechados como forma de evitar o aumento do cont\u00e1gio do v\u00edrus sem prejudicar muito o calend\u00e1rio esportivo. \u201cEnviamos uma solicita\u00e7\u00e3o oficial e estamos ansiosos pelo retorno positivo\u201d, afirmou Gravina.<\/p>\n\n\n\n<p>A proposta incluiria apenas a disputa de partidas da S\u00e9rie A do Campeonato Italiano e de competi\u00e7\u00f5es europeias (como Liga Europa e Liga dos Campe\u00f5es) sem p\u00fablico. As outras seriam adiadas.<\/p>\n\n\n\n<p>O Governo Italiano ainda n\u00e3o respondeu \u00e0 demanda da Federa\u00e7\u00e3o de Futebol.<\/p>\n","protected":false},"excerpt":{"rendered":"<p>O presidente da Federa\u00e7\u00e3o de Futebol de It\u00e1lia, Gabriele Gravina, afirmou nesta&nbsp;segunda-feira&nbsp;(24) que fez um pedido formal ao Minist\u00e9rio do Esporte da It\u00e1lia para que&hellip; <\/p>\n","protected":false},"author":2,"featured_media":155111,"comment_status":"closed","ping_status":"closed","sticky":false,"template":"","format":"standard","meta":{"sfsi_plus_gutenberg_text_before_share":"","sfsi_plus_gutenberg_show_text_before_share":"","sfsi_plus_gutenberg_icon_type":"","sfsi_plus_gutenberg_icon_alignemt":"","sfsi_plus_gutenburg_max_per_row":"","footnotes":""},"categories":[13],"tags":[],"class_list":["post-155109","post","type-post","status-publish","format-standard","has-post-thumbnail","hentry","category-esportes"],"_links":{"self":[{"href":"https:\/\/www.caririemacao.com\/1\/wp-json\/wp\/v2\/posts\/155109","targetHints":{"allow":["GET"]}}],"collection":[{"href":"https:\/\/www.caririemacao.com\/1\/wp-json\/wp\/v2\/posts"}],"about":[{"href":"https:\/\/www.caririemacao.com\/1\/wp-json\/wp\/v2\/types\/post"}],"author":[{"embeddable":true,"href":"https:\/\/www.caririemacao.com\/1\/wp-json\/wp\/v2\/users\/2"}],"replies":[{"embeddable":true,"href":"https:\/\/www.caririemacao.com\/1\/wp-json\/wp\/v2\/comments?post=155109"}],"version-history":[{"count":1,"href":"https:\/\/www.caririemacao.com\/1\/wp-json\/wp\/v2\/posts\/155109\/revisions"}],"predecessor-version":[{"id":155112,"href":"https:\/\/www.caririemacao.com\/1\/wp-json\/wp\/v2\/posts\/155109\/revisions\/155112"}],"wp:featuredmedia":[{"embeddable":true,"href":"https:\/\/www.caririemacao.com\/1\/wp-json\/wp\/v2\/media\/155111"}],"wp:attachment":[{"href":"https:\/\/www.caririemacao.com\/1\/wp-json\/wp\/v2\/media?parent=155109"}],"wp:term":[{"taxonomy":"category","embeddable":true,"href":"https:\/\/www.caririemacao.com\/1\/wp-json\/wp\/v2\/categories?post=155109"},{"taxonomy":"post_tag","embeddable":true,"href":"https:\/\/www.caririemacao.com\/1\/wp-json\/wp\/v2\/tags?post=155109"}],"curies":[{"name":"wp","href":"https:\/\/api.w.org\/{rel}","templated":true}]}}