{"id":155124,"date":"2020-02-25T10:14:20","date_gmt":"2020-02-25T13:14:20","guid":{"rendered":"http:\/\/www.caririemacao.com\/1\/?p=155124"},"modified":"2020-02-25T10:14:22","modified_gmt":"2020-02-25T13:14:22","slug":"mais-de-1-300-infracoes-de-transito-ja-foram-flagradas-pela-prf-durante-o-carnaval-nas-rodovias-da-paraiba","status":"publish","type":"post","link":"https:\/\/www.caririemacao.com\/1\/2020\/02\/25\/mais-de-1-300-infracoes-de-transito-ja-foram-flagradas-pela-prf-durante-o-carnaval-nas-rodovias-da-paraiba\/","title":{"rendered":"Mais de 1.300 infra\u00e7\u00f5es de tr\u00e2nsito j\u00e1 foram flagradas pela PRF durante o Carnaval nas rodovias da Para\u00edba"},"content":{"rendered":"\n<p>A Pol\u00edcia Rodovi\u00e1ria Federal j\u00e1 flagrou 1.393 infra\u00e7\u00f5es de tr\u00e2nsito durante a Opera\u00e7\u00e3o Carnaval , que iniciou na \u00faltima sexta-feira (21) e vai at\u00e9 quarta-feira (26) de cinzas.<\/p>\n\n\n\n<p>Nesse per\u00edodo foram flagrados 41 motoristas dirigindo sob efeito de \u00e1lcool. A PRF alerta que durante todo o per\u00edodo da Opera\u00e7\u00e3o Carnaval as a\u00e7\u00f5es de fiscaliza\u00e7\u00e3o est\u00e3o sendo intensificadas em todas as rodovias federais que cortam a Para\u00edba.<\/p>\n\n\n\n<p><strong><em>Retorno do feriado<\/em><\/strong>&nbsp;\u2013 A PRF acredita que o tr\u00e2nsito ficar\u00e1 intenso no final da tarde de ter\u00e7a-feira, principalmente no sentido litoral para o interior. Evitar o deslocamento noturno, n\u00e3o dirigir sob efeito de \u00e1lcool, dirigir respeitando os limites de velocidade, manter dist\u00e2ncia de seguran\u00e7a do ve\u00edculo que segue a frente, n\u00e3o utilizar o celular enquanto dirige, n\u00e3o realizar ultrapassagens em locais proibidos s\u00e3o algumas dicas importantes para garantir um retorno com feriado.<\/p>\n\n\n\n<p><em>PB Agora<\/em><\/p>\n","protected":false},"excerpt":{"rendered":"<p>A Pol\u00edcia Rodovi\u00e1ria Federal j\u00e1 flagrou 1.393 infra\u00e7\u00f5es de tr\u00e2nsito durante a Opera\u00e7\u00e3o Carnaval , que iniciou na \u00faltima sexta-feira (21) e vai at\u00e9 quarta-feira&hellip; <\/p>\n","protected":false},"author":2,"featured_media":155125,"comment_status":"closed","ping_status":"closed","sticky":false,"template":"","format":"standard","meta":{"sfsi_plus_gutenberg_text_before_share":"","sfsi_plus_gutenberg_show_text_before_share":"","sfsi_plus_gutenberg_icon_type":"","sfsi_plus_gutenberg_icon_alignemt":"","sfsi_plus_gutenburg_max_per_row":"","footnotes":""},"categories":[50,12],"tags":[],"class_list":["post-155124","post","type-post","status-publish","format-standard","has-post-thumbnail","hentry","category-destaque","category-policia"],"_links":{"self":[{"href":"https:\/\/www.caririemacao.com\/1\/wp-json\/wp\/v2\/posts\/155124","targetHints":{"allow":["GET"]}}],"collection":[{"href":"https:\/\/www.caririemacao.com\/1\/wp-json\/wp\/v2\/posts"}],"about":[{"href":"https:\/\/www.caririemacao.com\/1\/wp-json\/wp\/v2\/types\/post"}],"author":[{"embeddable":true,"href":"https:\/\/www.caririemacao.com\/1\/wp-json\/wp\/v2\/users\/2"}],"replies":[{"embeddable":true,"href":"https:\/\/www.caririemacao.com\/1\/wp-json\/wp\/v2\/comments?post=155124"}],"version-history":[{"count":1,"href":"https:\/\/www.caririemacao.com\/1\/wp-json\/wp\/v2\/posts\/155124\/revisions"}],"predecessor-version":[{"id":155126,"href":"https:\/\/www.caririemacao.com\/1\/wp-json\/wp\/v2\/posts\/155124\/revisions\/155126"}],"wp:featuredmedia":[{"embeddable":true,"href":"https:\/\/www.caririemacao.com\/1\/wp-json\/wp\/v2\/media\/155125"}],"wp:attachment":[{"href":"https:\/\/www.caririemacao.com\/1\/wp-json\/wp\/v2\/media?parent=155124"}],"wp:term":[{"taxonomy":"category","embeddable":true,"href":"https:\/\/www.caririemacao.com\/1\/wp-json\/wp\/v2\/categories?post=155124"},{"taxonomy":"post_tag","embeddable":true,"href":"https:\/\/www.caririemacao.com\/1\/wp-json\/wp\/v2\/tags?post=155124"}],"curies":[{"name":"wp","href":"https:\/\/api.w.org\/{rel}","templated":true}]}}