{"id":155132,"date":"2020-02-25T10:35:43","date_gmt":"2020-02-25T13:35:43","guid":{"rendered":"http:\/\/www.caririemacao.com\/1\/?p=155132"},"modified":"2020-02-25T10:42:35","modified_gmt":"2020-02-25T13:42:35","slug":"uma-multidao-prestigia-carnaval-de-pindurao-de-camalau","status":"publish","type":"post","link":"https:\/\/www.caririemacao.com\/1\/2020\/02\/25\/uma-multidao-prestigia-carnaval-de-pindurao-de-camalau\/","title":{"rendered":"Uma multid\u00e3o prestigia carnaval de Pindur\u00e3o de Camala\u00fa"},"content":{"rendered":"\n<p>O j\u00e1 tradicional Carnaval no distrito de Pindur\u00e3o recebeu muitos foli\u00f5es de v\u00e1rias cidades da regi\u00e3o e principalmente da cidade de Camala\u00fa.<\/p>\n\n\n\n<p>O evento no distrito de Pindur\u00e3o \u00e9 promovido desde o primeiro ano da gest\u00e3o do prefeito Sandro M\u00f4co, que buscou organizar um dia de folia na comunidade.<\/p>\n\n\n\n<figure class=\"wp-block-image size-large\"><img fetchpriority=\"high\" decoding=\"async\" width=\"600\" height=\"403\" src=\"http:\/\/www.caririemacao.com\/1\/wp-content\/uploads\/2020\/02\/page-5.jpg\" alt=\"\" class=\"wp-image-155149\" srcset=\"https:\/\/www.caririemacao.com\/1\/wp-content\/uploads\/2020\/02\/page-5.jpg 600w, https:\/\/www.caririemacao.com\/1\/wp-content\/uploads\/2020\/02\/page-5-300x202.jpg 300w\" sizes=\"(max-width: 600px) 100vw, 600px\" \/><\/figure>\n\n\n\n<p>E para animar os foli\u00f5es cantaram Fubinha El\u00e9trico e Yure Tornado fazendo as pessoas pularem e cantarem, sem esquecer do banho e da tradicional farinha.<\/p>\n\n\n\n<figure class=\"wp-block-image size-large\"><img decoding=\"async\" width=\"800\" height=\"533\" data-src=\"http:\/\/www.caririemacao.com\/1\/wp-content\/uploads\/2020\/02\/87340486_1819381231531225_3157941581319766016_n.jpg\" alt=\"\" class=\"wp-image-155150 lazyload\" data-srcset=\"https:\/\/www.caririemacao.com\/1\/wp-content\/uploads\/2020\/02\/87340486_1819381231531225_3157941581319766016_n.jpg 800w, https:\/\/www.caririemacao.com\/1\/wp-content\/uploads\/2020\/02\/87340486_1819381231531225_3157941581319766016_n-300x200.jpg 300w, https:\/\/www.caririemacao.com\/1\/wp-content\/uploads\/2020\/02\/87340486_1819381231531225_3157941581319766016_n-768x512.jpg 768w\" data-sizes=\"(max-width: 800px) 100vw, 800px\" src=\"data:image\/svg+xml;base64,PHN2ZyB3aWR0aD0iMSIgaGVpZ2h0PSIxIiB4bWxucz0iaHR0cDovL3d3dy53My5vcmcvMjAwMC9zdmciPjwvc3ZnPg==\" style=\"--smush-placeholder-width: 800px; --smush-placeholder-aspect-ratio: 800\/533;\" \/><\/figure>\n\n\n\n<p>O prefeito Sandro esteve presente e destacou a parceria com\na comunidade e dos vereadores de sua base (Bira, Netinho, C\u00e9lio e Bezerr\u00e3o) que\nn\u00e3o medem esfor\u00e7os para ajudar, fazendo sempre o melhor para a comunidade. &nbsp;<\/p>\n\n\n\n<p>Vale destacar que enquanto estava acontecendo o carnaval em\nPindur\u00e3o, Cezinha Atrevido e Bedeu Quirino animavam milhares de pessoas no\nBalne\u00e1rio P\u00fablico.<\/p>\n\n\n\n<p>A folia em Camala\u00fa finalizou a noite com o show de Claudenir\nFernandes.<\/p>\n\n\n\n<p>J\u00e1 nesta ter\u00e7a-feira, dia 25, no Balne\u00e1rio P\u00fablico, a partir\ndas 12h, Alisson Levado, Dod\u00f4 Press\u00e3o e a Pisada de Bar\u00e3o encerrar\u00e3o o pen\u00faltimo\ndia de Carnaval. Dando continuidade a ter\u00e7a-feira de carnaval, j\u00e1 na Pra\u00e7a de\nEventos, \u00e0s 20h, a apresenta\u00e7\u00e3o do tradicional Bloco da Saudade e encerrando\ncom show de Patr\u00f5es El\u00e9trico.<\/p>\n\n\n\n<p><strong><a href=\"https:\/\/www.facebook.com\/pg\/CaririEmAcao\/photos\/?tab=album&amp;album_id=1819360114866670\">CLIQUE AQUI E VEJA TODAS AS FOTOS DE PINDUR\u00c3O<\/a><\/strong><\/p>\n\n\n\n<figure class=\"wp-block-embed\"><div class=\"wp-block-embed__wrapper\">\n<div class=\"ose- ose-uid-435ddd27f690931cd07d6ddf98abbed6 ose-embedpress-responsive\" style=\"width:600px; height:550px; max-height:550px; max-width:100%; display:inline-block;\" data-embed-type=\"Facebook\"><iframe allowFullScreen=\"true\" class=\"embera-facebook-iframe-0a681 lazyload\" data-src=\"https:\/\/www.facebook.com\/plugins\/post.php?href=https%3A%2F%2Fwww.facebook.com%2Fpg%2FCaririEmAcao%2Fphotos%2F%3Ftab%3Dalbum%26%23038%3Balbum_id%3D1819360114866670&width=600&height=550&show_text=true\" width=\"600\" height=\"550\" style=\"border:none;overflow:hidden\" scrolling=\"no\" frameborder=\"0\" allowTransparency=\"true\" src=\"data:image\/svg+xml;base64,PHN2ZyB3aWR0aD0iMSIgaGVpZ2h0PSIxIiB4bWxucz0iaHR0cDovL3d3dy53My5vcmcvMjAwMC9zdmciPjwvc3ZnPg==\" data-load-mode=\"1\"><\/iframe><\/div>\n<\/div><\/figure>\n","protected":false},"excerpt":{"rendered":"<p>O j\u00e1 tradicional Carnaval no distrito de Pindur\u00e3o recebeu muitos foli\u00f5es de v\u00e1rias cidades da regi\u00e3o e principalmente da cidade de Camala\u00fa. O evento no&hellip; <\/p>\n","protected":false},"author":1,"featured_media":155141,"comment_status":"closed","ping_status":"closed","sticky":false,"template":"","format":"standard","meta":{"sfsi_plus_gutenberg_text_before_share":"","sfsi_plus_gutenberg_show_text_before_share":"","sfsi_plus_gutenberg_icon_type":"","sfsi_plus_gutenberg_icon_alignemt":"","sfsi_plus_gutenburg_max_per_row":"","footnotes":""},"categories":[50,2],"tags":[],"class_list":["post-155132","post","type-post","status-publish","format-standard","has-post-thumbnail","hentry","category-destaque","category-geral"],"_links":{"self":[{"href":"https:\/\/www.caririemacao.com\/1\/wp-json\/wp\/v2\/posts\/155132","targetHints":{"allow":["GET"]}}],"collection":[{"href":"https:\/\/www.caririemacao.com\/1\/wp-json\/wp\/v2\/posts"}],"about":[{"href":"https:\/\/www.caririemacao.com\/1\/wp-json\/wp\/v2\/types\/post"}],"author":[{"embeddable":true,"href":"https:\/\/www.caririemacao.com\/1\/wp-json\/wp\/v2\/users\/1"}],"replies":[{"embeddable":true,"href":"https:\/\/www.caririemacao.com\/1\/wp-json\/wp\/v2\/comments?post=155132"}],"version-history":[{"count":4,"href":"https:\/\/www.caririemacao.com\/1\/wp-json\/wp\/v2\/posts\/155132\/revisions"}],"predecessor-version":[{"id":155153,"href":"https:\/\/www.caririemacao.com\/1\/wp-json\/wp\/v2\/posts\/155132\/revisions\/155153"}],"wp:featuredmedia":[{"embeddable":true,"href":"https:\/\/www.caririemacao.com\/1\/wp-json\/wp\/v2\/media\/155141"}],"wp:attachment":[{"href":"https:\/\/www.caririemacao.com\/1\/wp-json\/wp\/v2\/media?parent=155132"}],"wp:term":[{"taxonomy":"category","embeddable":true,"href":"https:\/\/www.caririemacao.com\/1\/wp-json\/wp\/v2\/categories?post=155132"},{"taxonomy":"post_tag","embeddable":true,"href":"https:\/\/www.caririemacao.com\/1\/wp-json\/wp\/v2\/tags?post=155132"}],"curies":[{"name":"wp","href":"https:\/\/api.w.org\/{rel}","templated":true}]}}