{"id":155135,"date":"2020-02-25T10:30:11","date_gmt":"2020-02-25T13:30:11","guid":{"rendered":"http:\/\/www.caririemacao.com\/1\/?p=155135"},"modified":"2020-02-25T10:30:12","modified_gmt":"2020-02-25T13:30:12","slug":"feitos-a-imagem-de-deus-e-o-tema-do-encontro-para-a-consciencia-crista-de-2021","status":"publish","type":"post","link":"https:\/\/www.caririemacao.com\/1\/2020\/02\/25\/feitos-a-imagem-de-deus-e-o-tema-do-encontro-para-a-consciencia-crista-de-2021\/","title":{"rendered":"\u201cFeitos \u00e0 Imagem de Deus\u201d \u00e9 o tema do Encontro para a Consci\u00eancia Crist\u00e3 de 2021"},"content":{"rendered":"\n<p>Nesta segunda-feira, pen\u00faltima noite do 22\u00ba Encontro Para a Consci\u00eancia Crist\u00e3, foram conhecidos o tema e os palestrantes j\u00e1 definidos para a 23\u00aa Consci\u00eancia Crist\u00e3, que acontecer\u00e1 de 11 a 16 de fevereiro de 2021.<\/p>\n\n\n\n<p>Para um p\u00fablico de mais de dez mil pessoas, o coordenador geral da Consci\u00eancia Crist\u00e3, Euder Faber Guedes Ferreira, anunciou o tema para 2021: \u201cFeitos \u00e0 Imagem de Deus\u201d.<\/p>\n\n\n\n<p>Ele noticiou tamb\u00e9m os nomes j\u00e1 confirmados para 2021. S\u00e3o eles: Alex Esteves, Helder Cardin, Wilson Porte, Leonardo Sahium, Emilio Garofalo, Leandro Lima, Jonas Madureira, Luiz Say\u00e3o e os americanos: Carolyn Mcculley, William Lane Craig e Voodie Baucham<\/p>\n\n\n\n<p>Entre a pl\u00eaiade de palestrantes est\u00e1 a escritora e cineasta americana, Caroliyn McCulley, autora do livro \u201cFeminilidade Radical\u201d, onde ela fala sobre o equil\u00edbrio entre a influ\u00eancia cultural, a perspectiva hist\u00f3rica e a autoridade b\u00edblica quando se trata do papel da mulher no lar, no trabalho, na igreja e na cultura. Ela ensina a verdade radical do plano s\u00e1bio e gracioso de Deus para as mulheres.<\/p>\n","protected":false},"excerpt":{"rendered":"<p>Nesta segunda-feira, pen\u00faltima noite do 22\u00ba Encontro Para a Consci\u00eancia Crist\u00e3, foram conhecidos o tema e os palestrantes j\u00e1 definidos para a 23\u00aa Consci\u00eancia Crist\u00e3,&hellip; <\/p>\n","protected":false},"author":2,"featured_media":155136,"comment_status":"closed","ping_status":"closed","sticky":false,"template":"","format":"standard","meta":{"sfsi_plus_gutenberg_text_before_share":"","sfsi_plus_gutenberg_show_text_before_share":"","sfsi_plus_gutenberg_icon_type":"","sfsi_plus_gutenberg_icon_alignemt":"","sfsi_plus_gutenburg_max_per_row":"","footnotes":""},"categories":[2],"tags":[],"class_list":["post-155135","post","type-post","status-publish","format-standard","has-post-thumbnail","hentry","category-geral"],"_links":{"self":[{"href":"https:\/\/www.caririemacao.com\/1\/wp-json\/wp\/v2\/posts\/155135","targetHints":{"allow":["GET"]}}],"collection":[{"href":"https:\/\/www.caririemacao.com\/1\/wp-json\/wp\/v2\/posts"}],"about":[{"href":"https:\/\/www.caririemacao.com\/1\/wp-json\/wp\/v2\/types\/post"}],"author":[{"embeddable":true,"href":"https:\/\/www.caririemacao.com\/1\/wp-json\/wp\/v2\/users\/2"}],"replies":[{"embeddable":true,"href":"https:\/\/www.caririemacao.com\/1\/wp-json\/wp\/v2\/comments?post=155135"}],"version-history":[{"count":1,"href":"https:\/\/www.caririemacao.com\/1\/wp-json\/wp\/v2\/posts\/155135\/revisions"}],"predecessor-version":[{"id":155137,"href":"https:\/\/www.caririemacao.com\/1\/wp-json\/wp\/v2\/posts\/155135\/revisions\/155137"}],"wp:featuredmedia":[{"embeddable":true,"href":"https:\/\/www.caririemacao.com\/1\/wp-json\/wp\/v2\/media\/155136"}],"wp:attachment":[{"href":"https:\/\/www.caririemacao.com\/1\/wp-json\/wp\/v2\/media?parent=155135"}],"wp:term":[{"taxonomy":"category","embeddable":true,"href":"https:\/\/www.caririemacao.com\/1\/wp-json\/wp\/v2\/categories?post=155135"},{"taxonomy":"post_tag","embeddable":true,"href":"https:\/\/www.caririemacao.com\/1\/wp-json\/wp\/v2\/tags?post=155135"}],"curies":[{"name":"wp","href":"https:\/\/api.w.org\/{rel}","templated":true}]}}