{"id":155140,"date":"2020-02-25T10:31:34","date_gmt":"2020-02-25T13:31:34","guid":{"rendered":"http:\/\/www.caririemacao.com\/1\/?p=155140"},"modified":"2020-02-25T10:31:36","modified_gmt":"2020-02-25T13:31:36","slug":"teste-das-ruas-mostra-a-forca-do-presidente-bolsonaro","status":"publish","type":"post","link":"https:\/\/www.caririemacao.com\/1\/2020\/02\/25\/teste-das-ruas-mostra-a-forca-do-presidente-bolsonaro\/","title":{"rendered":"Teste das ruas mostra a for\u00e7a do presidente Bolsonaro"},"content":{"rendered":"\n<p>A depender da rea\u00e7\u00e3o de populares diante da presen\u00e7a de Bolsonaro em um mercado no Guaruj\u00e1, litoral paulista, pode-se afirmar que o presidente foi aprovado no teste de popularidade nas ruas.<\/p>\n\n\n\n<p>Na manh\u00e3 deste s\u00e1bado, 22, no in\u00edcio de sua folga de Carnaval, o presidente tamb\u00e9m foi tomar caf\u00e9 da manh\u00e3 em uma tradicional panificadora da cidade. Sua presen\u00e7a chamou a aten\u00e7\u00e3o e v\u00e1rias pessoas se aproximaram para cumpriment\u00e1-lo e pedir uma selfie.<\/p>\n\n\n\n<p>N\u00e3o foi registrada nenhuma hostilidade da multid\u00e3o. Bolsonaro tirou fotos com crian\u00e7as, distribuiu abra\u00e7os e chegou a com a conversar por videochamada com a esposa de um dos fregueses da padaria.<\/p>\n\n\n\n<p><\/p>\n","protected":false},"excerpt":{"rendered":"<p>A depender da rea\u00e7\u00e3o de populares diante da presen\u00e7a de Bolsonaro em um mercado no Guaruj\u00e1, litoral paulista, pode-se afirmar que o presidente foi aprovado&hellip; <\/p>\n","protected":false},"author":2,"featured_media":155142,"comment_status":"closed","ping_status":"closed","sticky":false,"template":"","format":"standard","meta":{"sfsi_plus_gutenberg_text_before_share":"","sfsi_plus_gutenberg_show_text_before_share":"","sfsi_plus_gutenberg_icon_type":"","sfsi_plus_gutenberg_icon_alignemt":"","sfsi_plus_gutenburg_max_per_row":"","footnotes":""},"categories":[11],"tags":[],"class_list":["post-155140","post","type-post","status-publish","format-standard","has-post-thumbnail","hentry","category-politica"],"_links":{"self":[{"href":"https:\/\/www.caririemacao.com\/1\/wp-json\/wp\/v2\/posts\/155140","targetHints":{"allow":["GET"]}}],"collection":[{"href":"https:\/\/www.caririemacao.com\/1\/wp-json\/wp\/v2\/posts"}],"about":[{"href":"https:\/\/www.caririemacao.com\/1\/wp-json\/wp\/v2\/types\/post"}],"author":[{"embeddable":true,"href":"https:\/\/www.caririemacao.com\/1\/wp-json\/wp\/v2\/users\/2"}],"replies":[{"embeddable":true,"href":"https:\/\/www.caririemacao.com\/1\/wp-json\/wp\/v2\/comments?post=155140"}],"version-history":[{"count":1,"href":"https:\/\/www.caririemacao.com\/1\/wp-json\/wp\/v2\/posts\/155140\/revisions"}],"predecessor-version":[{"id":155143,"href":"https:\/\/www.caririemacao.com\/1\/wp-json\/wp\/v2\/posts\/155140\/revisions\/155143"}],"wp:featuredmedia":[{"embeddable":true,"href":"https:\/\/www.caririemacao.com\/1\/wp-json\/wp\/v2\/media\/155142"}],"wp:attachment":[{"href":"https:\/\/www.caririemacao.com\/1\/wp-json\/wp\/v2\/media?parent=155140"}],"wp:term":[{"taxonomy":"category","embeddable":true,"href":"https:\/\/www.caririemacao.com\/1\/wp-json\/wp\/v2\/categories?post=155140"},{"taxonomy":"post_tag","embeddable":true,"href":"https:\/\/www.caririemacao.com\/1\/wp-json\/wp\/v2\/tags?post=155140"}],"curies":[{"name":"wp","href":"https:\/\/api.w.org\/{rel}","templated":true}]}}