{"id":155154,"date":"2020-02-25T12:43:47","date_gmt":"2020-02-25T15:43:47","guid":{"rendered":"http:\/\/www.caririemacao.com\/1\/?p=155154"},"modified":"2020-02-25T12:43:48","modified_gmt":"2020-02-25T15:43:48","slug":"turistas-de-varios-estados-prestigiam-o-2-dia-do-carnaval-solidario-de-camalau","status":"publish","type":"post","link":"https:\/\/www.caririemacao.com\/1\/2020\/02\/25\/turistas-de-varios-estados-prestigiam-o-2-dia-do-carnaval-solidario-de-camalau\/","title":{"rendered":"Turistas de v\u00e1rios estados prestigiam o 2\u00b0 dia do &#8220;Carnaval Solid\u00e1rio&#8221; de Camala\u00fa"},"content":{"rendered":"\n<p><\/p>\n\n\n\n<p><\/p>\n\n\n\n<p>O 2\u00ba dia do Carnaval Solid\u00e1rio no balne\u00e1rio p\u00fablico de Camala\u00fa, foi marcado pela presen\u00e7a de turistas da regi\u00e3o, de cidades vizinhas e at\u00e9 de outros estados. <\/p>\n\n\n\n<p>A programa\u00e7\u00e3o seguiu da seguinte forma: por volta das 12:30h Cezinha Atrevido subiu ao palco cantando seus maiores sucessos e m\u00fasicas carnavalescas consagradas. <\/p>\n\n\n\n<figure class=\"wp-block-image size-large\"><img fetchpriority=\"high\" decoding=\"async\" width=\"800\" height=\"533\" src=\"http:\/\/www.caririemacao.com\/1\/wp-content\/uploads\/2020\/02\/DSC_0478.jpg\" alt=\"\" class=\"wp-image-155161\" srcset=\"https:\/\/www.caririemacao.com\/1\/wp-content\/uploads\/2020\/02\/DSC_0478.jpg 800w, https:\/\/www.caririemacao.com\/1\/wp-content\/uploads\/2020\/02\/DSC_0478-300x200.jpg 300w, https:\/\/www.caririemacao.com\/1\/wp-content\/uploads\/2020\/02\/DSC_0478-768x512.jpg 768w\" sizes=\"(max-width: 800px) 100vw, 800px\" \/><\/figure>\n\n\n\n<p>Logo ap\u00f3s, Bedeu Quirino entra no palco, por volta das 16:00h cantando a m\u00fasica \u201cMila\u201d fazendo a galera entrar em \u00eaxtase com esse e outros sucessos consagrados pela m\u00fasica popular brasileira.<\/p>\n\n\n\n<figure class=\"wp-block-image size-large\"><img decoding=\"async\" width=\"800\" height=\"533\" data-src=\"http:\/\/www.caririemacao.com\/1\/wp-content\/uploads\/2020\/02\/DSC_0074.jpg\" alt=\"\" class=\"wp-image-155163 lazyload\" data-srcset=\"https:\/\/www.caririemacao.com\/1\/wp-content\/uploads\/2020\/02\/DSC_0074.jpg 800w, https:\/\/www.caririemacao.com\/1\/wp-content\/uploads\/2020\/02\/DSC_0074-300x200.jpg 300w, https:\/\/www.caririemacao.com\/1\/wp-content\/uploads\/2020\/02\/DSC_0074-768x512.jpg 768w\" data-sizes=\"(max-width: 800px) 100vw, 800px\" src=\"data:image\/svg+xml;base64,PHN2ZyB3aWR0aD0iMSIgaGVpZ2h0PSIxIiB4bWxucz0iaHR0cDovL3d3dy53My5vcmcvMjAwMC9zdmciPjwvc3ZnPg==\" style=\"--smush-placeholder-width: 800px; --smush-placeholder-aspect-ratio: 800\/533;\" \/><\/figure>\n\n\n\n<p>A equipe do Cariri em A\u00e7\u00e3o esteve no meio da galera entrevistando alguns foli\u00f5es que disseram que estavam pela primeira vez prestigiando o carnaval de Camala\u00fa; outros disseram que estavam em sua terceira edi\u00e7\u00e3o e outros j\u00e1 haviam pedido as contas das vezes que vieram prestigiando o Carnaval Solid\u00e1rio de Camala\u00fa.<\/p>\n\n\n\n<figure class=\"wp-block-image size-large\"><img decoding=\"async\" width=\"800\" height=\"533\" data-src=\"http:\/\/www.caririemacao.com\/1\/wp-content\/uploads\/2020\/02\/DSC_0904.jpg\" alt=\"\" class=\"wp-image-155165 lazyload\" data-srcset=\"https:\/\/www.caririemacao.com\/1\/wp-content\/uploads\/2020\/02\/DSC_0904.jpg 800w, https:\/\/www.caririemacao.com\/1\/wp-content\/uploads\/2020\/02\/DSC_0904-300x200.jpg 300w, https:\/\/www.caririemacao.com\/1\/wp-content\/uploads\/2020\/02\/DSC_0904-768x512.jpg 768w\" data-sizes=\"(max-width: 800px) 100vw, 800px\" src=\"data:image\/svg+xml;base64,PHN2ZyB3aWR0aD0iMSIgaGVpZ2h0PSIxIiB4bWxucz0iaHR0cDovL3d3dy53My5vcmcvMjAwMC9zdmciPjwvc3ZnPg==\" style=\"--smush-placeholder-width: 800px; --smush-placeholder-aspect-ratio: 800\/533;\" \/><\/figure>\n\n\n\n<p>&nbsp;<\/p>\n\n\n\n<figure class=\"wp-block-image size-large\"><img decoding=\"async\" width=\"800\" height=\"533\" data-src=\"http:\/\/www.caririemacao.com\/1\/wp-content\/uploads\/2020\/02\/DSC_0905-1.jpg\" alt=\"\" class=\"wp-image-155178 lazyload\" data-srcset=\"https:\/\/www.caririemacao.com\/1\/wp-content\/uploads\/2020\/02\/DSC_0905-1.jpg 800w, https:\/\/www.caririemacao.com\/1\/wp-content\/uploads\/2020\/02\/DSC_0905-1-300x200.jpg 300w, https:\/\/www.caririemacao.com\/1\/wp-content\/uploads\/2020\/02\/DSC_0905-1-768x512.jpg 768w\" data-sizes=\"(max-width: 800px) 100vw, 800px\" src=\"data:image\/svg+xml;base64,PHN2ZyB3aWR0aD0iMSIgaGVpZ2h0PSIxIiB4bWxucz0iaHR0cDovL3d3dy53My5vcmcvMjAwMC9zdmciPjwvc3ZnPg==\" style=\"--smush-placeholder-width: 800px; --smush-placeholder-aspect-ratio: 800\/533;\" \/><\/figure>\n\n\n\n<p>Haviam turistas de Campina Grande, Jo\u00e3o Pessoa, Bras\u00edlia, Congo, Santa Cruz do Capibaribe, Jata\u00faba, entre outras localidades. Onde disseram a nossa equipe que consideravam o carnaval de Camala\u00fa como o melhor da regi\u00e3o do cariri paraibano. Disseram ainda que o contato com a natureza, organiza\u00e7\u00e3o e receptividade fizeram &nbsp;com que voltassem para prestigiar mais uma edi\u00e7\u00e3o do Carnaval Solid\u00e1rio, que j\u00e1 \u00e9 tradi\u00e7\u00e3o na regi\u00e3o do Cariri paraibano. &nbsp;<\/p>\n\n\n\n<figure class=\"wp-block-image size-large\"><img decoding=\"async\" width=\"800\" height=\"533\" data-src=\"http:\/\/www.caririemacao.com\/1\/wp-content\/uploads\/2020\/02\/DSC_1063.jpg\" alt=\"\" class=\"wp-image-155166 lazyload\" data-srcset=\"https:\/\/www.caririemacao.com\/1\/wp-content\/uploads\/2020\/02\/DSC_1063.jpg 800w, https:\/\/www.caririemacao.com\/1\/wp-content\/uploads\/2020\/02\/DSC_1063-300x200.jpg 300w, https:\/\/www.caririemacao.com\/1\/wp-content\/uploads\/2020\/02\/DSC_1063-768x512.jpg 768w\" data-sizes=\"(max-width: 800px) 100vw, 800px\" src=\"data:image\/svg+xml;base64,PHN2ZyB3aWR0aD0iMSIgaGVpZ2h0PSIxIiB4bWxucz0iaHR0cDovL3d3dy53My5vcmcvMjAwMC9zdmciPjwvc3ZnPg==\" style=\"--smush-placeholder-width: 800px; --smush-placeholder-aspect-ratio: 800\/533;\" \/><\/figure>\n\n\n\n<p>Alguns foli\u00f5es subiram nas caixas de show animando ainda mais a galera.<\/p>\n\n\n\n<figure class=\"wp-block-image size-large\"><img decoding=\"async\" width=\"800\" height=\"533\" data-src=\"http:\/\/www.caririemacao.com\/1\/wp-content\/uploads\/2020\/02\/DSC_1050.jpg\" alt=\"\" class=\"wp-image-155167 lazyload\" data-srcset=\"https:\/\/www.caririemacao.com\/1\/wp-content\/uploads\/2020\/02\/DSC_1050.jpg 800w, https:\/\/www.caririemacao.com\/1\/wp-content\/uploads\/2020\/02\/DSC_1050-300x200.jpg 300w, https:\/\/www.caririemacao.com\/1\/wp-content\/uploads\/2020\/02\/DSC_1050-768x512.jpg 768w\" data-sizes=\"(max-width: 800px) 100vw, 800px\" src=\"data:image\/svg+xml;base64,PHN2ZyB3aWR0aD0iMSIgaGVpZ2h0PSIxIiB4bWxucz0iaHR0cDovL3d3dy53My5vcmcvMjAwMC9zdmciPjwvc3ZnPg==\" style=\"--smush-placeholder-width: 800px; --smush-placeholder-aspect-ratio: 800\/533;\" \/><\/figure>\n\n\n\n<figure class=\"wp-block-image size-large\"><img decoding=\"async\" width=\"800\" height=\"533\" data-src=\"http:\/\/www.caririemacao.com\/1\/wp-content\/uploads\/2020\/02\/DSC_1070.jpg\" alt=\"\" class=\"wp-image-155168 lazyload\" data-srcset=\"https:\/\/www.caririemacao.com\/1\/wp-content\/uploads\/2020\/02\/DSC_1070.jpg 800w, https:\/\/www.caririemacao.com\/1\/wp-content\/uploads\/2020\/02\/DSC_1070-300x200.jpg 300w, https:\/\/www.caririemacao.com\/1\/wp-content\/uploads\/2020\/02\/DSC_1070-768x512.jpg 768w\" data-sizes=\"(max-width: 800px) 100vw, 800px\" src=\"data:image\/svg+xml;base64,PHN2ZyB3aWR0aD0iMSIgaGVpZ2h0PSIxIiB4bWxucz0iaHR0cDovL3d3dy53My5vcmcvMjAwMC9zdmciPjwvc3ZnPg==\" style=\"--smush-placeholder-width: 800px; --smush-placeholder-aspect-ratio: 800\/533;\" \/><\/figure>\n","protected":false},"excerpt":{"rendered":"<p>O 2\u00ba dia do Carnaval Solid\u00e1rio no balne\u00e1rio p\u00fablico de Camala\u00fa, foi marcado pela presen\u00e7a de turistas da regi\u00e3o, de cidades vizinhas e at\u00e9 de&hellip; <\/p>\n","protected":false},"author":1,"featured_media":155164,"comment_status":"closed","ping_status":"closed","sticky":false,"template":"","format":"standard","meta":{"sfsi_plus_gutenberg_text_before_share":"","sfsi_plus_gutenberg_show_text_before_share":"","sfsi_plus_gutenberg_icon_type":"","sfsi_plus_gutenberg_icon_alignemt":"","sfsi_plus_gutenburg_max_per_row":"","footnotes":""},"categories":[6,50],"tags":[],"class_list":["post-155154","post","type-post","status-publish","format-standard","has-post-thumbnail","hentry","category-cidades","category-destaque"],"_links":{"self":[{"href":"https:\/\/www.caririemacao.com\/1\/wp-json\/wp\/v2\/posts\/155154","targetHints":{"allow":["GET"]}}],"collection":[{"href":"https:\/\/www.caririemacao.com\/1\/wp-json\/wp\/v2\/posts"}],"about":[{"href":"https:\/\/www.caririemacao.com\/1\/wp-json\/wp\/v2\/types\/post"}],"author":[{"embeddable":true,"href":"https:\/\/www.caririemacao.com\/1\/wp-json\/wp\/v2\/users\/1"}],"replies":[{"embeddable":true,"href":"https:\/\/www.caririemacao.com\/1\/wp-json\/wp\/v2\/comments?post=155154"}],"version-history":[{"count":4,"href":"https:\/\/www.caririemacao.com\/1\/wp-json\/wp\/v2\/posts\/155154\/revisions"}],"predecessor-version":[{"id":155181,"href":"https:\/\/www.caririemacao.com\/1\/wp-json\/wp\/v2\/posts\/155154\/revisions\/155181"}],"wp:featuredmedia":[{"embeddable":true,"href":"https:\/\/www.caririemacao.com\/1\/wp-json\/wp\/v2\/media\/155164"}],"wp:attachment":[{"href":"https:\/\/www.caririemacao.com\/1\/wp-json\/wp\/v2\/media?parent=155154"}],"wp:term":[{"taxonomy":"category","embeddable":true,"href":"https:\/\/www.caririemacao.com\/1\/wp-json\/wp\/v2\/categories?post=155154"},{"taxonomy":"post_tag","embeddable":true,"href":"https:\/\/www.caririemacao.com\/1\/wp-json\/wp\/v2\/tags?post=155154"}],"curies":[{"name":"wp","href":"https:\/\/api.w.org\/{rel}","templated":true}]}}