{"id":155171,"date":"2020-02-25T11:22:07","date_gmt":"2020-02-25T14:22:07","guid":{"rendered":"http:\/\/www.caririemacao.com\/1\/?p=155171"},"modified":"2020-02-25T11:22:08","modified_gmt":"2020-02-25T14:22:08","slug":"walkyria-santos-e-bedeu-quirino-arrastam-multidao-no-carnaval-de-sao-joao-do-tigre","status":"publish","type":"post","link":"https:\/\/www.caririemacao.com\/1\/2020\/02\/25\/walkyria-santos-e-bedeu-quirino-arrastam-multidao-no-carnaval-de-sao-joao-do-tigre\/","title":{"rendered":"Walkyria Santos e Bedeu Quirino arrastam multid\u00e3o no Carnaval de S\u00e3o Jo\u00e3o do Tigre"},"content":{"rendered":"\n<p>\n\nO domingo de Carnaval em S\u00e3o Jo\u00e3o do Tigre foi marcado por muita anima\u00e7\u00e3o, alegria e tranquilidade, al\u00e9m de uma multid\u00e3o que lotou a pra\u00e7a de eventos. A festa foi animada por Walkyria Santos e Bedeu Quirino, animaram o p\u00fablico o presente.<\/p>\n\n\n\n<p>O Prefeito C\u00e9lio Barbosa destacou que o Carnaval de S\u00e3o Jo\u00e3o do Tigre tem superado as expectativas, o que \u00e9 visto na nos olhos da popula\u00e7\u00e3o com o sentimento de gratid\u00e3o e felicidade. C\u00e9lio ainda agradeceu a todos que tem colaborado para realiza\u00e7\u00e3o do evento, a equipe da Prefeitura Municipal, da seguran\u00e7a, e a todos que est\u00e3o contribuindo.<\/p>\n\n\n\n<p>O Secret\u00e1rio M\u00e1rcio Leite destacou que o Carnaval \u00e9 realizado com amor e carinho para as pessoas se divertirem, e que ao chegar a quarta-feira de cinzas, o sentimento ser\u00e1 de que realizamos o maior carnaval da Para\u00edba e mais tranquilo.<\/p>\n\n\n\n<p><strong>Confira a programa\u00e7\u00e3o ter\u00e7a-feira:\u00a0<\/strong><\/p>\n\n\n\n<p><strong>25\/03 \u2013 Ter\u00e7a-feira\u00a0<\/strong><\/p>\n\n\n\n<p>Gil Bala<\/p>\n\n\n\n<p>Dj Marc\u00edlio<\/p>\n\n\n\n<p>Feiti\u00e7o El\u00e9trico<\/p>\n\n\n\n<figure class=\"wp-block-image\"><a href=\"https:\/\/1.bp.blogspot.com\/-n-1_o3sopEo\/XlPPc6V2TWI\/AAAAAAAAmXY\/1pMX_mnIRB0SmhPaUQPxkhSLWJjtQNmzwCLcBGAsYHQ\/s1600\/003.jpeg\"><img decoding=\"async\" data-src=\"https:\/\/1.bp.blogspot.com\/-n-1_o3sopEo\/XlPPc6V2TWI\/AAAAAAAAmXY\/1pMX_mnIRB0SmhPaUQPxkhSLWJjtQNmzwCLcBGAsYHQ\/s640\/003.jpeg\" alt=\"\" src=\"data:image\/svg+xml;base64,PHN2ZyB3aWR0aD0iMSIgaGVpZ2h0PSIxIiB4bWxucz0iaHR0cDovL3d3dy53My5vcmcvMjAwMC9zdmciPjwvc3ZnPg==\" class=\"lazyload\" \/><\/a><\/figure>\n\n\n\n<figure class=\"wp-block-image\"><a href=\"https:\/\/1.bp.blogspot.com\/-xehLXyimdFs\/XlPPc1VxRiI\/AAAAAAAAmXQ\/xiD6KH_ov6o1lZE6TlUTrvvhuI09SNbBwCLcBGAsYHQ\/s1600\/004.jpeg\"><img decoding=\"async\" data-src=\"https:\/\/1.bp.blogspot.com\/-xehLXyimdFs\/XlPPc1VxRiI\/AAAAAAAAmXQ\/xiD6KH_ov6o1lZE6TlUTrvvhuI09SNbBwCLcBGAsYHQ\/s640\/004.jpeg\" alt=\"\" src=\"data:image\/svg+xml;base64,PHN2ZyB3aWR0aD0iMSIgaGVpZ2h0PSIxIiB4bWxucz0iaHR0cDovL3d3dy53My5vcmcvMjAwMC9zdmciPjwvc3ZnPg==\" class=\"lazyload\" \/><\/a><\/figure>\n\n\n\n<figure class=\"wp-block-image\"><a href=\"https:\/\/1.bp.blogspot.com\/-8wnpJUduYas\/XlPPd00Ki5I\/AAAAAAAAmXc\/6cExVBfLbVowL0wZ02CbbW-vjPJp_DUxgCLcBGAsYHQ\/s1600\/005.jpeg\"><img decoding=\"async\" data-src=\"https:\/\/1.bp.blogspot.com\/-8wnpJUduYas\/XlPPd00Ki5I\/AAAAAAAAmXc\/6cExVBfLbVowL0wZ02CbbW-vjPJp_DUxgCLcBGAsYHQ\/s640\/005.jpeg\" alt=\"\" src=\"data:image\/svg+xml;base64,PHN2ZyB3aWR0aD0iMSIgaGVpZ2h0PSIxIiB4bWxucz0iaHR0cDovL3d3dy53My5vcmcvMjAwMC9zdmciPjwvc3ZnPg==\" class=\"lazyload\" \/><\/a><\/figure>\n\n\n\n<figure class=\"wp-block-image\"><a href=\"https:\/\/1.bp.blogspot.com\/-4J8nuAKf2u8\/XlPPeMgjfOI\/AAAAAAAAmXg\/pxcrs1PtT5Uqbj3t_2EQZpPnWnAkZ9FdwCLcBGAsYHQ\/s1600\/006.jpeg\"><img decoding=\"async\" data-src=\"https:\/\/1.bp.blogspot.com\/-4J8nuAKf2u8\/XlPPeMgjfOI\/AAAAAAAAmXg\/pxcrs1PtT5Uqbj3t_2EQZpPnWnAkZ9FdwCLcBGAsYHQ\/s640\/006.jpeg\" alt=\"\" src=\"data:image\/svg+xml;base64,PHN2ZyB3aWR0aD0iMSIgaGVpZ2h0PSIxIiB4bWxucz0iaHR0cDovL3d3dy53My5vcmcvMjAwMC9zdmciPjwvc3ZnPg==\" class=\"lazyload\" \/><\/a><\/figure>\n\n\n\n<p><\/p>\n","protected":false},"excerpt":{"rendered":"<p>O domingo de Carnaval em S\u00e3o Jo\u00e3o do Tigre foi marcado por muita anima\u00e7\u00e3o, alegria e tranquilidade, al\u00e9m de uma multid\u00e3o que lotou a pra\u00e7a&hellip; <\/p>\n","protected":false},"author":1,"featured_media":155172,"comment_status":"closed","ping_status":"closed","sticky":false,"template":"","format":"standard","meta":{"sfsi_plus_gutenberg_text_before_share":"","sfsi_plus_gutenberg_show_text_before_share":"","sfsi_plus_gutenberg_icon_type":"","sfsi_plus_gutenberg_icon_alignemt":"","sfsi_plus_gutenburg_max_per_row":"","footnotes":""},"categories":[50,2],"tags":[],"class_list":["post-155171","post","type-post","status-publish","format-standard","has-post-thumbnail","hentry","category-destaque","category-geral"],"_links":{"self":[{"href":"https:\/\/www.caririemacao.com\/1\/wp-json\/wp\/v2\/posts\/155171","targetHints":{"allow":["GET"]}}],"collection":[{"href":"https:\/\/www.caririemacao.com\/1\/wp-json\/wp\/v2\/posts"}],"about":[{"href":"https:\/\/www.caririemacao.com\/1\/wp-json\/wp\/v2\/types\/post"}],"author":[{"embeddable":true,"href":"https:\/\/www.caririemacao.com\/1\/wp-json\/wp\/v2\/users\/1"}],"replies":[{"embeddable":true,"href":"https:\/\/www.caririemacao.com\/1\/wp-json\/wp\/v2\/comments?post=155171"}],"version-history":[{"count":1,"href":"https:\/\/www.caririemacao.com\/1\/wp-json\/wp\/v2\/posts\/155171\/revisions"}],"predecessor-version":[{"id":155173,"href":"https:\/\/www.caririemacao.com\/1\/wp-json\/wp\/v2\/posts\/155171\/revisions\/155173"}],"wp:featuredmedia":[{"embeddable":true,"href":"https:\/\/www.caririemacao.com\/1\/wp-json\/wp\/v2\/media\/155172"}],"wp:attachment":[{"href":"https:\/\/www.caririemacao.com\/1\/wp-json\/wp\/v2\/media?parent=155171"}],"wp:term":[{"taxonomy":"category","embeddable":true,"href":"https:\/\/www.caririemacao.com\/1\/wp-json\/wp\/v2\/categories?post=155171"},{"taxonomy":"post_tag","embeddable":true,"href":"https:\/\/www.caririemacao.com\/1\/wp-json\/wp\/v2\/tags?post=155171"}],"curies":[{"name":"wp","href":"https:\/\/api.w.org\/{rel}","templated":true}]}}