{"id":155185,"date":"2020-02-25T13:37:07","date_gmt":"2020-02-25T16:37:07","guid":{"rendered":"http:\/\/www.caririemacao.com\/1\/?p=155185"},"modified":"2020-02-25T13:37:09","modified_gmt":"2020-02-25T16:37:09","slug":"brasil-trabalha-por-maior-presenca-da-mulher-na-politica-diz-ministra","status":"publish","type":"post","link":"https:\/\/www.caririemacao.com\/1\/2020\/02\/25\/brasil-trabalha-por-maior-presenca-da-mulher-na-politica-diz-ministra\/","title":{"rendered":"Brasil trabalha por maior presen\u00e7a da mulher na pol\u00edtica, diz ministra"},"content":{"rendered":"\n<p><br>OBrasil trabalha para maior inser\u00e7\u00e3o das mulheres na pol\u00edtica, disse nesta ter\u00e7a-feira (25) a ministra da Mulher, da Fam\u00edlia e dos Direitos Humanos, Damares Alves ministra, ao discursar na 43\u00aa Sess\u00e3o da Comiss\u00e3o de Direitos Humanos das Na\u00e7\u00f5es Unidas, em Genebra, na Su\u00ed\u00e7a.<\/p>\n\n\n\n<p>\u201cO governo Bolsonaro quer que todos os munic\u00edpios do pa\u00eds tenham, pelo menos, uma mulher vereadora. Essa \u00e9 uma meta que apresentamos aqui hoje e, daqui a um ano, voltarei para mostrar os resultados para os senhores\u201d, disse.<\/p>\n\n\n\n<p>Damares Alves destacou, entre as medidas adotadas pelo governo, a cria\u00e7\u00e3o da Comiss\u00e3o da Amaz\u00f4nia, que, segundo ela, tem como um de seus objetivos a prote\u00e7\u00e3o da mulher que vive na floresta. \u201cQueremos dar visibilidade \u00e0s mulheres que tinham ficado para tr\u00e1s\u201d.<\/p>\n\n\n\n<p>Segundo a ministra, promover o direito das mulheres \u00e9 um dos principais objetivos da atual gest\u00e3o do governo federal.<\/p>\n\n\n\n<figure class=\"wp-block-image\"><img decoding=\"async\" data-src=\"https:\/\/paraibaonline.com.br\/wp-content\/uploads\/2020\/02\/damares-567x339.jpeg\" alt=\"Foto: Minist\u00e9rio da Mulher\" class=\"wp-image-839503 lazyload\" src=\"data:image\/svg+xml;base64,PHN2ZyB3aWR0aD0iMSIgaGVpZ2h0PSIxIiB4bWxucz0iaHR0cDovL3d3dy53My5vcmcvMjAwMC9zdmciPjwvc3ZnPg==\" style=\"--smush-placeholder-width: 567px; --smush-placeholder-aspect-ratio: 567\/339;\" \/><\/figure>\n\n\n\n<p>Foto: Minist\u00e9rio da Mulher<\/p>\n\n\n\n<p><strong>CPLP<\/strong><\/p>\n\n\n\n<p>Damares tamb\u00e9m fez o pronunciamento em nome da Comunidade de Pa\u00edses de L\u00edngua Portuguesa (CPLP). Ela destacou as atividades de promo\u00e7\u00e3o dos direitos das mulheres realizadas nos \u00faltimos tr\u00eas anos, como a escolha de 2018 como \u201cano da CPLP por uma vida livre de viol\u00eancia contra mulheres e meninas\u201d.<\/p>\n\n\n\n<p>A ministra ressaltou tamb\u00e9m a Declara\u00e7\u00e3o de Praia, que em 2019 renovou o \u201cPlano de A\u00e7\u00e3o para a igualdade de g\u00eanero e empoderamento das mulheres\u201d.<\/p>\n\n\n\n<p>A chefe da Delega\u00e7\u00e3o Brasileira concluiu reiterando o \u201cfirme comprometimento da CPLP com a promo\u00e7\u00e3o e prote\u00e7\u00e3o dos direitos das mulheres, com a igualdade entre mulheres e homens e com o chamado para o fim de toda forma de viol\u00eancia contra mulheres e meninas e para o combate ao feminic\u00eddio\u201d.<br><\/p>\n","protected":false},"excerpt":{"rendered":"<p>OBrasil trabalha para maior inser\u00e7\u00e3o das mulheres na pol\u00edtica, disse nesta ter\u00e7a-feira (25) a ministra da Mulher, da Fam\u00edlia e dos Direitos Humanos, Damares Alves&hellip; <\/p>\n","protected":false},"author":2,"featured_media":155186,"comment_status":"closed","ping_status":"closed","sticky":false,"template":"","format":"standard","meta":{"sfsi_plus_gutenberg_text_before_share":"","sfsi_plus_gutenberg_show_text_before_share":"","sfsi_plus_gutenberg_icon_type":"","sfsi_plus_gutenberg_icon_alignemt":"","sfsi_plus_gutenburg_max_per_row":"","footnotes":""},"categories":[11],"tags":[],"class_list":["post-155185","post","type-post","status-publish","format-standard","has-post-thumbnail","hentry","category-politica"],"_links":{"self":[{"href":"https:\/\/www.caririemacao.com\/1\/wp-json\/wp\/v2\/posts\/155185","targetHints":{"allow":["GET"]}}],"collection":[{"href":"https:\/\/www.caririemacao.com\/1\/wp-json\/wp\/v2\/posts"}],"about":[{"href":"https:\/\/www.caririemacao.com\/1\/wp-json\/wp\/v2\/types\/post"}],"author":[{"embeddable":true,"href":"https:\/\/www.caririemacao.com\/1\/wp-json\/wp\/v2\/users\/2"}],"replies":[{"embeddable":true,"href":"https:\/\/www.caririemacao.com\/1\/wp-json\/wp\/v2\/comments?post=155185"}],"version-history":[{"count":1,"href":"https:\/\/www.caririemacao.com\/1\/wp-json\/wp\/v2\/posts\/155185\/revisions"}],"predecessor-version":[{"id":155187,"href":"https:\/\/www.caririemacao.com\/1\/wp-json\/wp\/v2\/posts\/155185\/revisions\/155187"}],"wp:featuredmedia":[{"embeddable":true,"href":"https:\/\/www.caririemacao.com\/1\/wp-json\/wp\/v2\/media\/155186"}],"wp:attachment":[{"href":"https:\/\/www.caririemacao.com\/1\/wp-json\/wp\/v2\/media?parent=155185"}],"wp:term":[{"taxonomy":"category","embeddable":true,"href":"https:\/\/www.caririemacao.com\/1\/wp-json\/wp\/v2\/categories?post=155185"},{"taxonomy":"post_tag","embeddable":true,"href":"https:\/\/www.caririemacao.com\/1\/wp-json\/wp\/v2\/tags?post=155185"}],"curies":[{"name":"wp","href":"https:\/\/api.w.org\/{rel}","templated":true}]}}