{"id":155189,"date":"2020-02-25T13:39:27","date_gmt":"2020-02-25T16:39:27","guid":{"rendered":"http:\/\/www.caririemacao.com\/1\/?p=155189"},"modified":"2020-02-25T13:39:29","modified_gmt":"2020-02-25T16:39:29","slug":"estudantes-com-deficiencia-auditiva-vao-ter-acesso-a-tecnologia-do-sus-2","status":"publish","type":"post","link":"https:\/\/www.caririemacao.com\/1\/2020\/02\/25\/estudantes-com-deficiencia-auditiva-vao-ter-acesso-a-tecnologia-do-sus-2\/","title":{"rendered":"Estudantes com defici\u00eancia auditiva v\u00e3o ter acesso \u00e0 tecnologia do SUS"},"content":{"rendered":"\n<p>Os estudantes com defici\u00eancia auditivo, de qualquer n\u00edvel acad\u00eamico, v\u00e3o poder usar a tecnologia do Sistema de Frequ\u00eancia Modulada Pessoal, do Sistema \u00danico de Sa\u00fade (SUS), para o tratamento de sua dificuldade de auditiva.<\/p>\n\n\n\n<p>A decis\u00e3o do Minist\u00e9rio da Sa\u00fade consta da Portaria n\u00ba 3, de 19 de fevereiro, publicada no Di\u00e1rio Oficial da Uni\u00e3o da \u00faltima quinta-feira (20). O prazo m\u00e1ximo para efetivar a oferta ao SUS \u00e9 de 180 dias, a contar a partir da data.<\/p>\n\n\n\n<p>O relat\u00f3rio de recomenda\u00e7\u00e3o da Comiss\u00e3o Nacional de Incorpora\u00e7\u00e3o de Tecnologias no Sistema \u00danico de Sa\u00fade (Conitec) sobre essa tecnologia est\u00e1 dispon\u00edvel no site do Conitec.<\/p>\n\n\n\n<p>O relat\u00f3rio diz que \u201co Sistema FM \u00e9 considerado uma alternativa dentre outros materiais e recursos da tecnologia assistiva utilizados por alunos com defici\u00eancia auditiva, visando auxiliar a integra\u00e7\u00e3o educativa-escolar\u201d.<\/p>\n","protected":false},"excerpt":{"rendered":"<p>Os estudantes com defici\u00eancia auditivo, de qualquer n\u00edvel acad\u00eamico, v\u00e3o poder usar a tecnologia do Sistema de Frequ\u00eancia Modulada Pessoal, do Sistema \u00danico de Sa\u00fade&hellip; <\/p>\n","protected":false},"author":2,"featured_media":155190,"comment_status":"closed","ping_status":"closed","sticky":false,"template":"","format":"standard","meta":{"sfsi_plus_gutenberg_text_before_share":"","sfsi_plus_gutenberg_show_text_before_share":"","sfsi_plus_gutenberg_icon_type":"","sfsi_plus_gutenberg_icon_alignemt":"","sfsi_plus_gutenburg_max_per_row":"","footnotes":""},"categories":[50,14],"tags":[],"class_list":["post-155189","post","type-post","status-publish","format-standard","has-post-thumbnail","hentry","category-destaque","category-educacao"],"_links":{"self":[{"href":"https:\/\/www.caririemacao.com\/1\/wp-json\/wp\/v2\/posts\/155189","targetHints":{"allow":["GET"]}}],"collection":[{"href":"https:\/\/www.caririemacao.com\/1\/wp-json\/wp\/v2\/posts"}],"about":[{"href":"https:\/\/www.caririemacao.com\/1\/wp-json\/wp\/v2\/types\/post"}],"author":[{"embeddable":true,"href":"https:\/\/www.caririemacao.com\/1\/wp-json\/wp\/v2\/users\/2"}],"replies":[{"embeddable":true,"href":"https:\/\/www.caririemacao.com\/1\/wp-json\/wp\/v2\/comments?post=155189"}],"version-history":[{"count":1,"href":"https:\/\/www.caririemacao.com\/1\/wp-json\/wp\/v2\/posts\/155189\/revisions"}],"predecessor-version":[{"id":155191,"href":"https:\/\/www.caririemacao.com\/1\/wp-json\/wp\/v2\/posts\/155189\/revisions\/155191"}],"wp:featuredmedia":[{"embeddable":true,"href":"https:\/\/www.caririemacao.com\/1\/wp-json\/wp\/v2\/media\/155190"}],"wp:attachment":[{"href":"https:\/\/www.caririemacao.com\/1\/wp-json\/wp\/v2\/media?parent=155189"}],"wp:term":[{"taxonomy":"category","embeddable":true,"href":"https:\/\/www.caririemacao.com\/1\/wp-json\/wp\/v2\/categories?post=155189"},{"taxonomy":"post_tag","embeddable":true,"href":"https:\/\/www.caririemacao.com\/1\/wp-json\/wp\/v2\/tags?post=155189"}],"curies":[{"name":"wp","href":"https:\/\/api.w.org\/{rel}","templated":true}]}}