{"id":155193,"date":"2020-02-25T13:41:31","date_gmt":"2020-02-25T16:41:31","guid":{"rendered":"http:\/\/www.caririemacao.com\/1\/?p=155193"},"modified":"2020-02-25T13:41:34","modified_gmt":"2020-02-25T16:41:34","slug":"flamengo-recebe-o-independiente-em-busca-da-terceira-taca-na-temporada-2020","status":"publish","type":"post","link":"https:\/\/www.caririemacao.com\/1\/2020\/02\/25\/flamengo-recebe-o-independiente-em-busca-da-terceira-taca-na-temporada-2020\/","title":{"rendered":"Flamengo recebe o Independiente em busca da terceira ta\u00e7a na temporada 2020"},"content":{"rendered":"\n<p>O Flamengo vai encarar nesta quarta-feira (26) o Independiente del Valle (EQU), \u00e0s 21h30, no Maracan\u00e3, pela in\u00e9dita conquista da Recopa Sul-Americana e tamb\u00e9m pela quebra de um tabu hist\u00f3rico.<\/p>\n\n\n\n<p>Em todos os seus 124 anos de hist\u00f3ria, o clube rubro-negro jamais levantou um t\u00edtulo internacional no est\u00e1dio, marca que ser\u00e1 derrubada em caso de vit\u00f3ria simples sobre os equatorianos. Ap\u00f3s empate em 2 a 2 na ida, n\u00e3o haver\u00e1 gol qualificado na volta -nova igualdade levar\u00e1 \u00e0 prorroga\u00e7\u00e3o, seguida por p\u00eanaltis.<\/p>\n\n\n\n<p>Bicampe\u00e3o da Libertadores, o Flamengo deu a volta ol\u00edmpica fora do pa\u00eds em ambas as ocasi\u00f5es. Em 1981, Zico e companhia levantaram o trof\u00e9u em Montevid\u00e9u, no Uruguai, no jogo de desempate em final contra o Cobreloa (CHI). J\u00e1 ano passado, o t\u00edtulo foi conquistado na primeira final em jogo \u00fanico da competi\u00e7\u00e3o -m Lima, no Peru, o Fla virou sobre o River Plate (ARG) e celebrou.<\/p>\n\n\n\n<p>Em 2017, os rubro-negros tiveram sua \u00faltima chance de comemorar com seu torcedor, mas o empate por 1 a 1 com o Independiente (ARG) deu o caneco da Sul-Americana para os argentinos. Curiosamente, o \u201cRojo\u201d tamb\u00e9m havia impedido anos atr\u00e1s os festejos no Maracan\u00e3, pois a vit\u00f3ria por 1 a 0, com gol de Rom\u00e1rio, n\u00e3o foi suficiente para garantir o t\u00edtulo da Supercopa de 1995.<\/p>\n\n\n\n<p>Para que a miss\u00e3o tenha agora um final feliz, o t\u00e9cnico Jorge Jesus poupou grande parte do time titular no \u00faltimo s\u00e1bado (22), na final da Ta\u00e7a Guanabara, primeiro turno do Campeonato Carioca, contra o Boavista. O treinador aguarda alguns jogadores serem liberados pelo departamento m\u00e9dico para saber quem estar\u00e1 \u00e0 disposi\u00e7\u00e3o para a final.<\/p>\n\n\n\n<figure class=\"wp-block-image\"><img decoding=\"async\" data-src=\"https:\/\/paraibaonline.com.br\/wp-content\/uploads\/2020\/02\/FLAMENGO-2-567x377.jpg\" alt=\"Foto: Alexandre Vidal \/ Flamengo\" class=\"wp-image-839473 lazyload\" src=\"data:image\/svg+xml;base64,PHN2ZyB3aWR0aD0iMSIgaGVpZ2h0PSIxIiB4bWxucz0iaHR0cDovL3d3dy53My5vcmcvMjAwMC9zdmciPjwvc3ZnPg==\" style=\"--smush-placeholder-width: 567px; --smush-placeholder-aspect-ratio: 567\/377;\" \/><\/figure>\n\n\n\n<p>Foto: Alexandre Vidal \/ Flamengo<\/p>\n\n\n\n<p>\u201cNormalmente n\u00e3o mudamos tantos jogadores, mas o jogo que tivemos no Equador foi completamente diferente, \u00e9 um desgaste enorme. Achei que, neste jogo (contra o Boavista), teria que mexer mais do que habitualmente fa\u00e7o no time. Arrascaeta, Rafinha, Bruno Henrique\u2026 Principalmente estes tr\u00eas, n\u00e3o sabemos antes se estar\u00e3o recuperados at\u00e9 quarta. Dos tr\u00eas, n\u00e3o sei. Tenho alguma d\u00favida. Talvez o Rafinha, mas estou habituado que o departamento m\u00e9dico do Flamengo fa\u00e7a milagres\u201d, disse o treinador ap\u00f3s a conquista da Ta\u00e7a Guanabara.<\/p>\n\n\n\n<p>Fora de seus dom\u00ednios, no entanto, o Flamengo soma tamb\u00e9m os t\u00edtulos da Mercosul de 99, ap\u00f3s empate por 2 a 2 contra o Palmeiras, e o da Copa Ouro de 96, quando bateu o S\u00e3o Paulo em Manaus. Em 93, o clube amargou o vice-campeonato Supercopa depois de derrota nos p\u00eanaltis para o mesmo time do Morumbi, e para o San Lorenzo (ARG), algoz na Mercosul de 2001.<\/p>\n\n\n\n<p>Mais recentemente, o Flamengo teve a derrota para o Liverpool (ING) na final do Mundial de Clubes de Doha, no Qatar. Os \u201cReds\u201d tamb\u00e9m foram os rivais na decis\u00e3o intercontinental de 81, mas dessa vez a alegria foi vermelha e preta em T\u00f3quio, no Jap\u00e3o.<\/p>\n\n\n\n<p>*As decis\u00f5es internacionais do Flamengo (t\u00edtulos com asterisco)<br>81 \u2013 Libertadores: Flamengo x Cobreloa \u2013 Montevid\u00e9u (URU)<br>81 \u2013 Mundial: Flamengo x Liverpool \u2013 T\u00f3quio, Jap\u00e3o<br>93 \u2013 Supercopa: S\u00e3o Paulo x Flamengo \u2013 S\u00e3o Paulo<br>95 \u2013 Supercopa: Flamengo x Independiente (ARG) \u2013 Rio de Janeiro<br>96 \u2013 Copa Ouro: Flamengo x S\u00e3o Paulo \u2013 Manaus<br>99 \u2013 Mercosul: Palmeiras x Flamengo \u2013 S\u00e3o Paulo<br>2001 \u2013 Mercosul: San Lorenzo x Flamengo \u2013 Buenos Aires<br>2017 \u2013 Copa Sul-Americana: Flamengo x Independiente (ARG) \u2013 Rio de Janeiro<br>2019 \u2013 Libertadores: Flamengo x River Plate (ARG) \u2013 Lima (PER)<br>2019 \u2013 Mundial: Flamengo x Liverpool (ING) \u2013 Doha (QAT)<\/p>\n\n\n\n<p>Est\u00e1dio: Maracan\u00e3, no Rio de Janeiro (RJ)<br>Hor\u00e1rio: 21h30 (de Bras\u00edlia) desta quarta-feira (26)<br>\u00c1rbitro: Fernando Rapallini (ARG)<br>VAR: Mauro Vigliano (ARG)<\/p>\n","protected":false},"excerpt":{"rendered":"<p>O Flamengo vai encarar nesta quarta-feira (26) o Independiente del Valle (EQU), \u00e0s 21h30, no Maracan\u00e3, pela in\u00e9dita conquista da Recopa Sul-Americana e tamb\u00e9m pela&hellip; <\/p>\n","protected":false},"author":2,"featured_media":98219,"comment_status":"closed","ping_status":"closed","sticky":false,"template":"","format":"standard","meta":{"sfsi_plus_gutenberg_text_before_share":"","sfsi_plus_gutenberg_show_text_before_share":"","sfsi_plus_gutenberg_icon_type":"","sfsi_plus_gutenberg_icon_alignemt":"","sfsi_plus_gutenburg_max_per_row":"","footnotes":""},"categories":[13],"tags":[],"class_list":["post-155193","post","type-post","status-publish","format-standard","has-post-thumbnail","hentry","category-esportes"],"_links":{"self":[{"href":"https:\/\/www.caririemacao.com\/1\/wp-json\/wp\/v2\/posts\/155193","targetHints":{"allow":["GET"]}}],"collection":[{"href":"https:\/\/www.caririemacao.com\/1\/wp-json\/wp\/v2\/posts"}],"about":[{"href":"https:\/\/www.caririemacao.com\/1\/wp-json\/wp\/v2\/types\/post"}],"author":[{"embeddable":true,"href":"https:\/\/www.caririemacao.com\/1\/wp-json\/wp\/v2\/users\/2"}],"replies":[{"embeddable":true,"href":"https:\/\/www.caririemacao.com\/1\/wp-json\/wp\/v2\/comments?post=155193"}],"version-history":[{"count":1,"href":"https:\/\/www.caririemacao.com\/1\/wp-json\/wp\/v2\/posts\/155193\/revisions"}],"predecessor-version":[{"id":155194,"href":"https:\/\/www.caririemacao.com\/1\/wp-json\/wp\/v2\/posts\/155193\/revisions\/155194"}],"wp:featuredmedia":[{"embeddable":true,"href":"https:\/\/www.caririemacao.com\/1\/wp-json\/wp\/v2\/media\/98219"}],"wp:attachment":[{"href":"https:\/\/www.caririemacao.com\/1\/wp-json\/wp\/v2\/media?parent=155193"}],"wp:term":[{"taxonomy":"category","embeddable":true,"href":"https:\/\/www.caririemacao.com\/1\/wp-json\/wp\/v2\/categories?post=155193"},{"taxonomy":"post_tag","embeddable":true,"href":"https:\/\/www.caririemacao.com\/1\/wp-json\/wp\/v2\/tags?post=155193"}],"curies":[{"name":"wp","href":"https:\/\/api.w.org\/{rel}","templated":true}]}}