{"id":155198,"date":"2020-02-26T10:17:00","date_gmt":"2020-02-26T13:17:00","guid":{"rendered":"http:\/\/www.caririemacao.com\/1\/?p=155198"},"modified":"2020-02-26T10:26:07","modified_gmt":"2020-02-26T13:26:07","slug":"milhares-de-pessoas-participam-da-terca-feira-de-carnaval-em-camalau","status":"publish","type":"post","link":"https:\/\/www.caririemacao.com\/1\/2020\/02\/26\/milhares-de-pessoas-participam-da-terca-feira-de-carnaval-em-camalau\/","title":{"rendered":"Milhares de pessoas participam da ter\u00e7a-feira de Carnaval em Camala\u00fa; VEJA FOTOS E V\u00cdDEOS"},"content":{"rendered":"\n<p>Aos poucos, caravanas de varias regi\u00f5es da Para\u00edba e Pernambuco come\u00e7aram a chegar ao balne\u00e1rio p\u00fablico de Camala\u00fa. Alguns de motos, outros de carros, e muitos a p\u00e9. N\u00e3o faltou disposi\u00e7\u00e3o para a grande multid\u00e3o prestigiar o dia &#8220;D&#8221; do &#8220;Gigante do Cariri&#8221;.<\/p>\n\n\n\n<p>J\u00e1 por volta das 12h, o jovem cantor Alison Levado come\u00e7ou a tarde que animando os milhares de foli\u00f5es que j\u00e1 estavam no balne\u00e1rios.  Ele levantou a galera, passando o palco para o Dod\u00f4 Press\u00e3o. <\/p>\n\n\n\n<figure class=\"wp-block-image size-large\"><img fetchpriority=\"high\" decoding=\"async\" width=\"800\" height=\"533\" src=\"http:\/\/www.caririemacao.com\/1\/wp-content\/uploads\/2020\/02\/DSC_8441.jpg\" alt=\"\" class=\"wp-image-155207\" srcset=\"https:\/\/www.caririemacao.com\/1\/wp-content\/uploads\/2020\/02\/DSC_8441.jpg 800w, https:\/\/www.caririemacao.com\/1\/wp-content\/uploads\/2020\/02\/DSC_8441-300x200.jpg 300w, https:\/\/www.caririemacao.com\/1\/wp-content\/uploads\/2020\/02\/DSC_8441-768x512.jpg 768w\" sizes=\"(max-width: 800px) 100vw, 800px\" \/><\/figure>\n\n\n\n<p>Dod\u00f4 press\u00e3o fez a turma esquentar mais ainda o clima quente que estava fazendo no local, acompanhado do refrescante banho dos chuveiros.<\/p>\n\n\n\n<figure class=\"wp-block-image size-large\"><img decoding=\"async\" width=\"800\" height=\"533\" data-src=\"http:\/\/www.caririemacao.com\/1\/wp-content\/uploads\/2020\/02\/DSC_8749.jpg\" alt=\"\" class=\"wp-image-155208 lazyload\" data-srcset=\"https:\/\/www.caririemacao.com\/1\/wp-content\/uploads\/2020\/02\/DSC_8749.jpg 800w, https:\/\/www.caririemacao.com\/1\/wp-content\/uploads\/2020\/02\/DSC_8749-300x200.jpg 300w, https:\/\/www.caririemacao.com\/1\/wp-content\/uploads\/2020\/02\/DSC_8749-768x512.jpg 768w\" data-sizes=\"(max-width: 800px) 100vw, 800px\" src=\"data:image\/svg+xml;base64,PHN2ZyB3aWR0aD0iMSIgaGVpZ2h0PSIxIiB4bWxucz0iaHR0cDovL3d3dy53My5vcmcvMjAwMC9zdmciPjwvc3ZnPg==\" style=\"--smush-placeholder-width: 800px; --smush-placeholder-aspect-ratio: 800\/533;\" \/><\/figure>\n\n\n\n<p>E para encerrar a ter\u00e7a-feira de Carnaval, o cantor Teuzinho da Pisada de Bar\u00e3o cantou os maiores sucessos de carnaval, fazendo com que as pessoas ficassem at\u00e9 o fim. <\/p>\n\n\n\n<figure class=\"wp-block-image size-large\"><img decoding=\"async\" width=\"800\" height=\"533\" data-src=\"http:\/\/www.caririemacao.com\/1\/wp-content\/uploads\/2020\/02\/DSC_9093.jpg\" alt=\"\" class=\"wp-image-155209 lazyload\" data-srcset=\"https:\/\/www.caririemacao.com\/1\/wp-content\/uploads\/2020\/02\/DSC_9093.jpg 800w, https:\/\/www.caririemacao.com\/1\/wp-content\/uploads\/2020\/02\/DSC_9093-300x200.jpg 300w, https:\/\/www.caririemacao.com\/1\/wp-content\/uploads\/2020\/02\/DSC_9093-768x512.jpg 768w\" data-sizes=\"(max-width: 800px) 100vw, 800px\" src=\"data:image\/svg+xml;base64,PHN2ZyB3aWR0aD0iMSIgaGVpZ2h0PSIxIiB4bWxucz0iaHR0cDovL3d3dy53My5vcmcvMjAwMC9zdmciPjwvc3ZnPg==\" style=\"--smush-placeholder-width: 800px; --smush-placeholder-aspect-ratio: 800\/533;\" \/><\/figure>\n\n\n\n<p>O prefeito Sandro Moco esteve presente em todos os momentos e agradeceu a presen\u00e7a de todos visitantes e das equipes que fizeram do Carnaval de Camala\u00fa 2020 o maior de toda sua hist\u00f3ria.<\/p>\n\n\n\n<figure class=\"wp-block-image size-large\"><img decoding=\"async\" width=\"800\" height=\"533\" data-src=\"http:\/\/www.caririemacao.com\/1\/wp-content\/uploads\/2020\/02\/DSC_8687.jpg\" alt=\"\" class=\"wp-image-155212 lazyload\" data-srcset=\"https:\/\/www.caririemacao.com\/1\/wp-content\/uploads\/2020\/02\/DSC_8687.jpg 800w, https:\/\/www.caririemacao.com\/1\/wp-content\/uploads\/2020\/02\/DSC_8687-300x200.jpg 300w, https:\/\/www.caririemacao.com\/1\/wp-content\/uploads\/2020\/02\/DSC_8687-768x512.jpg 768w\" data-sizes=\"(max-width: 800px) 100vw, 800px\" src=\"data:image\/svg+xml;base64,PHN2ZyB3aWR0aD0iMSIgaGVpZ2h0PSIxIiB4bWxucz0iaHR0cDovL3d3dy53My5vcmcvMjAwMC9zdmciPjwvc3ZnPg==\" style=\"--smush-placeholder-width: 800px; --smush-placeholder-aspect-ratio: 800\/533;\" \/><\/figure>\n\n\n\n<p>Sandro tamb\u00e9m recepcionou a deputada federal Edna Henrique e seu esposo e deputado Jo\u00e3o Henrique.<\/p>\n\n\n\n<p>Dando continuidade a ter\u00e7a-feira de carnaval, j\u00e1 na Pra\u00e7a de\nEventos, houve a apresenta\u00e7\u00e3o do tradicional Bloco da Saudade e encerrando com\nshow de Patr\u00f5es El\u00e9trico.<\/p>\n\n\n<p><!--EndFragment--><\/p>\n\n\n<figure class=\"wp-block-image size-large\"><img decoding=\"async\" width=\"800\" height=\"533\" data-src=\"http:\/\/www.caririemacao.com\/1\/wp-content\/uploads\/2020\/02\/DSC_8787.jpg\" alt=\"\" class=\"wp-image-155221 lazyload\" data-srcset=\"https:\/\/www.caririemacao.com\/1\/wp-content\/uploads\/2020\/02\/DSC_8787.jpg 800w, https:\/\/www.caririemacao.com\/1\/wp-content\/uploads\/2020\/02\/DSC_8787-300x200.jpg 300w, https:\/\/www.caririemacao.com\/1\/wp-content\/uploads\/2020\/02\/DSC_8787-768x512.jpg 768w\" data-sizes=\"(max-width: 800px) 100vw, 800px\" src=\"data:image\/svg+xml;base64,PHN2ZyB3aWR0aD0iMSIgaGVpZ2h0PSIxIiB4bWxucz0iaHR0cDovL3d3dy53My5vcmcvMjAwMC9zdmciPjwvc3ZnPg==\" style=\"--smush-placeholder-width: 800px; --smush-placeholder-aspect-ratio: 800\/533;\" \/><\/figure>\n\n\n\n<p>O&nbsp; Carnaval em&nbsp; Camala\u00fa termina nesta quarta, dia 26, com a realiza\u00e7\u00e3o da Festa dos Barraqueiros no Balne\u00e1rio, a partir das 12h com Farra da Galera e Fubinha El\u00e9trico.<\/p>\n\n\n\n<p>CLIQUE NOS LINKS ABAIXO E VEJA TODAS AS FOTOS<\/p>\n\n\n\n<p><a href=\"https:\/\/www.facebook.com\/pg\/CaririEmAcao\/photos\/?tab=album&amp;album_id=1820248648111150\">\u00c1LBUM 01<\/a><\/p>\n\n\n\n<p><a href=\"https:\/\/www.facebook.com\/pg\/CaririEmAcao\/photos\/?tab=album&amp;album_id=1820495148086500\">\u00c1LBUM 02<\/a><\/p>\n","protected":false},"excerpt":{"rendered":"<p>Aos poucos, caravanas de varias regi\u00f5es da Para\u00edba e Pernambuco come\u00e7aram a chegar ao balne\u00e1rio p\u00fablico de Camala\u00fa. Alguns de motos, outros de carros, e&hellip; <\/p>\n","protected":false},"author":1,"featured_media":155214,"comment_status":"closed","ping_status":"closed","sticky":false,"template":"","format":"standard","meta":{"sfsi_plus_gutenberg_text_before_share":"","sfsi_plus_gutenberg_show_text_before_share":"","sfsi_plus_gutenberg_icon_type":"","sfsi_plus_gutenberg_icon_alignemt":"","sfsi_plus_gutenburg_max_per_row":"","footnotes":""},"categories":[6,50],"tags":[],"class_list":["post-155198","post","type-post","status-publish","format-standard","has-post-thumbnail","hentry","category-cidades","category-destaque"],"_links":{"self":[{"href":"https:\/\/www.caririemacao.com\/1\/wp-json\/wp\/v2\/posts\/155198","targetHints":{"allow":["GET"]}}],"collection":[{"href":"https:\/\/www.caririemacao.com\/1\/wp-json\/wp\/v2\/posts"}],"about":[{"href":"https:\/\/www.caririemacao.com\/1\/wp-json\/wp\/v2\/types\/post"}],"author":[{"embeddable":true,"href":"https:\/\/www.caririemacao.com\/1\/wp-json\/wp\/v2\/users\/1"}],"replies":[{"embeddable":true,"href":"https:\/\/www.caririemacao.com\/1\/wp-json\/wp\/v2\/comments?post=155198"}],"version-history":[{"count":9,"href":"https:\/\/www.caririemacao.com\/1\/wp-json\/wp\/v2\/posts\/155198\/revisions"}],"predecessor-version":[{"id":155324,"href":"https:\/\/www.caririemacao.com\/1\/wp-json\/wp\/v2\/posts\/155198\/revisions\/155324"}],"wp:featuredmedia":[{"embeddable":true,"href":"https:\/\/www.caririemacao.com\/1\/wp-json\/wp\/v2\/media\/155214"}],"wp:attachment":[{"href":"https:\/\/www.caririemacao.com\/1\/wp-json\/wp\/v2\/media?parent=155198"}],"wp:term":[{"taxonomy":"category","embeddable":true,"href":"https:\/\/www.caririemacao.com\/1\/wp-json\/wp\/v2\/categories?post=155198"},{"taxonomy":"post_tag","embeddable":true,"href":"https:\/\/www.caririemacao.com\/1\/wp-json\/wp\/v2\/tags?post=155198"}],"curies":[{"name":"wp","href":"https:\/\/api.w.org\/{rel}","templated":true}]}}