{"id":155201,"date":"2020-02-26T10:00:00","date_gmt":"2020-02-26T13:00:00","guid":{"rendered":"http:\/\/www.caririemacao.com\/1\/?p=155201"},"modified":"2020-02-26T10:25:24","modified_gmt":"2020-02-26T13:25:24","slug":"prefeitura-de-caraubas-finaliza-carnaval-em-grande-estilo","status":"publish","type":"post","link":"https:\/\/www.caririemacao.com\/1\/2020\/02\/26\/prefeitura-de-caraubas-finaliza-carnaval-em-grande-estilo\/","title":{"rendered":"Prefeitura de Cara\u00fabas finaliza Carnaval em grande estilo"},"content":{"rendered":"\n<p>A \u00faltima noite da programa\u00e7\u00e3o carnavalesca promovida pela Prefeitura de Cara\u00fabas contou com a presen\u00e7a de um grande p\u00fablico.<\/p>\n\n\n\n<figure class=\"wp-block-image size-large\"><img fetchpriority=\"high\" decoding=\"async\" width=\"960\" height=\"635\" src=\"http:\/\/www.caririemacao.com\/1\/wp-content\/uploads\/2020\/02\/88009957_1820469414755740_2184950503148879872_o.jpg\" alt=\"\" class=\"wp-image-155226\" srcset=\"https:\/\/www.caririemacao.com\/1\/wp-content\/uploads\/2020\/02\/88009957_1820469414755740_2184950503148879872_o.jpg 960w, https:\/\/www.caririemacao.com\/1\/wp-content\/uploads\/2020\/02\/88009957_1820469414755740_2184950503148879872_o-300x198.jpg 300w, https:\/\/www.caririemacao.com\/1\/wp-content\/uploads\/2020\/02\/88009957_1820469414755740_2184950503148879872_o-768x508.jpg 768w\" sizes=\"(max-width: 960px) 100vw, 960px\" \/><\/figure>\n\n\n\n<p>Duas atra\u00e7\u00f5es animaram os foli\u00f5es. A primeira atra\u00e7\u00e3o foi  Bira El\u00e9trico, e em seguida para finalizar o Carnaval o artista caraubense Gil Camargo animou mais ainda o Carnaval do munic\u00edpio.<\/p>\n\n\n\n<figure class=\"wp-block-image size-large\"><img decoding=\"async\" width=\"960\" height=\"640\" data-src=\"http:\/\/www.caririemacao.com\/1\/wp-content\/uploads\/2020\/02\/87255849_1820488018087213_8581505598422515712_o.jpg\" alt=\"\" class=\"wp-image-155227 lazyload\" data-srcset=\"https:\/\/www.caririemacao.com\/1\/wp-content\/uploads\/2020\/02\/87255849_1820488018087213_8581505598422515712_o.jpg 960w, https:\/\/www.caririemacao.com\/1\/wp-content\/uploads\/2020\/02\/87255849_1820488018087213_8581505598422515712_o-300x200.jpg 300w, https:\/\/www.caririemacao.com\/1\/wp-content\/uploads\/2020\/02\/87255849_1820488018087213_8581505598422515712_o-768x512.jpg 768w\" data-sizes=\"(max-width: 960px) 100vw, 960px\" src=\"data:image\/svg+xml;base64,PHN2ZyB3aWR0aD0iMSIgaGVpZ2h0PSIxIiB4bWxucz0iaHR0cDovL3d3dy53My5vcmcvMjAwMC9zdmciPjwvc3ZnPg==\" style=\"--smush-placeholder-width: 960px; --smush-placeholder-aspect-ratio: 960\/640;\" \/><\/figure>\n\n\n\n<p>O prefeito fez uma avalia\u00e7\u00e3o dos quatro dias de eventos enfatizando o Carnaval realizado no Distrito de Barreiras, sendo a primeira vez a ter  este evento na comunidade. <\/p>\n\n\n\n<figure class=\"wp-block-image size-large\"><img decoding=\"async\" width=\"960\" height=\"640\" data-src=\"http:\/\/www.caririemacao.com\/1\/wp-content\/uploads\/2020\/02\/87366117_1820473701421978_3889928287731843072_o.jpg\" alt=\"\" class=\"wp-image-155228 lazyload\" data-srcset=\"https:\/\/www.caririemacao.com\/1\/wp-content\/uploads\/2020\/02\/87366117_1820473701421978_3889928287731843072_o.jpg 960w, https:\/\/www.caririemacao.com\/1\/wp-content\/uploads\/2020\/02\/87366117_1820473701421978_3889928287731843072_o-300x200.jpg 300w, https:\/\/www.caririemacao.com\/1\/wp-content\/uploads\/2020\/02\/87366117_1820473701421978_3889928287731843072_o-768x512.jpg 768w\" data-sizes=\"(max-width: 960px) 100vw, 960px\" src=\"data:image\/svg+xml;base64,PHN2ZyB3aWR0aD0iMSIgaGVpZ2h0PSIxIiB4bWxucz0iaHR0cDovL3d3dy53My5vcmcvMjAwMC9zdmciPjwvc3ZnPg==\" style=\"--smush-placeholder-width: 960px; --smush-placeholder-aspect-ratio: 960\/640;\" \/><\/figure>\n\n\n\n<p>&#8220;Chegamos ao final em grande estilo. Fizemos um grande Carnaval, torna-se um dos maiores da regi\u00e3o. Obrigado a todos os envolvidos e ao povo que foi prestigiar nosso Evento feito com muito carinho para nosso povo&#8221;, finalizou.<\/p>\n\n\n\n<p>Vale lembrar que durante todos os dias de Carnaval tamb\u00e9m houve banho na Cachoeira do Cangati que atraiu v\u00e1rios turistas ao local.<\/p>\n\n\n\n<p><a href=\"https:\/\/www.facebook.com\/pg\/CaririEmAcao\/photos\/?tab=album&amp;album_id=1820459738090041\">CLIQUE AQUI E VEJA TODAS AS FOTOS<\/a><\/p>\n","protected":false},"excerpt":{"rendered":"<p>A \u00faltima noite da programa\u00e7\u00e3o carnavalesca promovida pela Prefeitura de Cara\u00fabas contou com a presen\u00e7a de um grande p\u00fablico. Duas atra\u00e7\u00f5es animaram os foli\u00f5es. A&hellip; <\/p>\n","protected":false},"author":1,"featured_media":155225,"comment_status":"closed","ping_status":"closed","sticky":false,"template":"","format":"standard","meta":{"sfsi_plus_gutenberg_text_before_share":"","sfsi_plus_gutenberg_show_text_before_share":"","sfsi_plus_gutenberg_icon_type":"","sfsi_plus_gutenberg_icon_alignemt":"","sfsi_plus_gutenburg_max_per_row":"","footnotes":""},"categories":[6,50],"tags":[],"class_list":["post-155201","post","type-post","status-publish","format-standard","has-post-thumbnail","hentry","category-cidades","category-destaque"],"_links":{"self":[{"href":"https:\/\/www.caririemacao.com\/1\/wp-json\/wp\/v2\/posts\/155201","targetHints":{"allow":["GET"]}}],"collection":[{"href":"https:\/\/www.caririemacao.com\/1\/wp-json\/wp\/v2\/posts"}],"about":[{"href":"https:\/\/www.caririemacao.com\/1\/wp-json\/wp\/v2\/types\/post"}],"author":[{"embeddable":true,"href":"https:\/\/www.caririemacao.com\/1\/wp-json\/wp\/v2\/users\/1"}],"replies":[{"embeddable":true,"href":"https:\/\/www.caririemacao.com\/1\/wp-json\/wp\/v2\/comments?post=155201"}],"version-history":[{"count":5,"href":"https:\/\/www.caririemacao.com\/1\/wp-json\/wp\/v2\/posts\/155201\/revisions"}],"predecessor-version":[{"id":155229,"href":"https:\/\/www.caririemacao.com\/1\/wp-json\/wp\/v2\/posts\/155201\/revisions\/155229"}],"wp:featuredmedia":[{"embeddable":true,"href":"https:\/\/www.caririemacao.com\/1\/wp-json\/wp\/v2\/media\/155225"}],"wp:attachment":[{"href":"https:\/\/www.caririemacao.com\/1\/wp-json\/wp\/v2\/media?parent=155201"}],"wp:term":[{"taxonomy":"category","embeddable":true,"href":"https:\/\/www.caririemacao.com\/1\/wp-json\/wp\/v2\/categories?post=155201"},{"taxonomy":"post_tag","embeddable":true,"href":"https:\/\/www.caririemacao.com\/1\/wp-json\/wp\/v2\/tags?post=155201"}],"curies":[{"name":"wp","href":"https:\/\/api.w.org\/{rel}","templated":true}]}}