{"id":155244,"date":"2020-02-26T06:43:19","date_gmt":"2020-02-26T09:43:19","guid":{"rendered":"http:\/\/www.caririemacao.com\/1\/?p=155244"},"modified":"2020-02-26T06:43:20","modified_gmt":"2020-02-26T09:43:20","slug":"ministerio-da-saude-investiga-possivel-paciente-com-coronavirus-no-brasil-caso-foi-para-contraprova","status":"publish","type":"post","link":"https:\/\/www.caririemacao.com\/1\/2020\/02\/26\/ministerio-da-saude-investiga-possivel-paciente-com-coronavirus-no-brasil-caso-foi-para-contraprova\/","title":{"rendered":"Minist\u00e9rio da Sa\u00fade investiga poss\u00edvel paciente com coronav\u00edrus no Brasil; caso foi para contraprova"},"content":{"rendered":"\n<p>O Minist\u00e9rio da Sa\u00fade, em conjunto com as secretarias estadual e municipal de S\u00e3o Paulo, investiga poss\u00edvel caso positivo de coronav\u00edrus na capital paulista. Agora, o caso vai para o Instituto Adolfo Lutz para contraprova.<\/p>\n\n\n\n<p>O Hospital Albert Einstein, na Zona Sul da capital paulista, registrou em 25 de fevereiro a notifica\u00e7\u00e3o do caso suspeito de um homem de 61 anos, que viajou para o norte da It\u00e1lia entre 9 e 21 de fevereiro. O paciente tem sinais brandos da doen\u00e7a, como tosse, e est\u00e1 internado no hospital.<\/p>\n\n\n\n<p>\u201cNo atendimento, adotou todas as medidas preventivas para transmiss\u00e3o por got\u00edculas, coletou amostras e realizou testes para v\u00edrus respirat\u00f3rios comuns e o exame espec\u00edfico para SARS-CoV2 (RT-PCR, pelo protocolo Charit\u00e9), conforme preconizado pela Organiza\u00e7\u00e3o Mundial de Sa\u00fade (OMS).<\/p>\n\n\n\n<p>Com resultados preliminares realizados pela unidade de sa\u00fade e de acordo com o Plano de Conting\u00eancia Nacional, o hospital enviou a amostra para o laborat\u00f3rio de refer\u00eancia nacional, Instituto Adolfo Lutz, para contraprova.Este processo de valida\u00e7\u00e3o dos resultados est\u00e1 em curso e o Minist\u00e9rio da Sa\u00fade divulgar\u00e1 o laudo final da investiga\u00e7\u00e3o oportunamente. A pasta recomenda, portanto, cautela sobre quaisquer informa\u00e7\u00f5es que n\u00e3o sejam as oficiais, uma vez que a investiga\u00e7\u00e3o n\u00e3o est\u00e1 conclu\u00edda.<\/p>\n\n\n\n<p>Trata-se de um homem de 61 anos, residente em S\u00e3o Paulo\/SP. Traz o hist\u00f3rico de viagem para a It\u00e1lia, na regi\u00e3o da Lombardia (norte do pa\u00eds), a trabalho, sozinho, no per\u00edodo de 09 a 21 de fevereiro. Iniciou com sinais e sintomas (Febre, tosse seca, dor de garganta e coriza) compat\u00edveis com a suspeita de Doen\u00e7a pelo Coronav\u00edrus 2019 (COVID-19). O paciente est\u00e1 bem, com sinais brandos e recebeu as orienta\u00e7\u00f5es de precau\u00e7\u00e3o padr\u00e3o.<\/p>\n\n\n\n<p>A SES\/SP e SMS\/SP est\u00e3o realizando a identifica\u00e7\u00e3o dos contatos no domic\u00edlio, hospital e voo, com apoio da Anvisa junto \u00e0 companhia a\u00e9rea\u201d, diz a nota do Minist\u00e9rio da Sa\u00fade.<\/p>\n\n\n\n<p><em>G1&nbsp;<\/em><\/p>\n","protected":false},"excerpt":{"rendered":"<p>O Minist\u00e9rio da Sa\u00fade, em conjunto com as secretarias estadual e municipal de S\u00e3o Paulo, investiga poss\u00edvel caso positivo de coronav\u00edrus na capital paulista. Agora,&hellip; <\/p>\n","protected":false},"author":2,"featured_media":155245,"comment_status":"closed","ping_status":"closed","sticky":false,"template":"","format":"standard","meta":{"sfsi_plus_gutenberg_text_before_share":"","sfsi_plus_gutenberg_show_text_before_share":"","sfsi_plus_gutenberg_icon_type":"","sfsi_plus_gutenberg_icon_alignemt":"","sfsi_plus_gutenburg_max_per_row":"","footnotes":""},"categories":[16],"tags":[],"class_list":["post-155244","post","type-post","status-publish","format-standard","has-post-thumbnail","hentry","category-saude"],"_links":{"self":[{"href":"https:\/\/www.caririemacao.com\/1\/wp-json\/wp\/v2\/posts\/155244","targetHints":{"allow":["GET"]}}],"collection":[{"href":"https:\/\/www.caririemacao.com\/1\/wp-json\/wp\/v2\/posts"}],"about":[{"href":"https:\/\/www.caririemacao.com\/1\/wp-json\/wp\/v2\/types\/post"}],"author":[{"embeddable":true,"href":"https:\/\/www.caririemacao.com\/1\/wp-json\/wp\/v2\/users\/2"}],"replies":[{"embeddable":true,"href":"https:\/\/www.caririemacao.com\/1\/wp-json\/wp\/v2\/comments?post=155244"}],"version-history":[{"count":1,"href":"https:\/\/www.caririemacao.com\/1\/wp-json\/wp\/v2\/posts\/155244\/revisions"}],"predecessor-version":[{"id":155246,"href":"https:\/\/www.caririemacao.com\/1\/wp-json\/wp\/v2\/posts\/155244\/revisions\/155246"}],"wp:featuredmedia":[{"embeddable":true,"href":"https:\/\/www.caririemacao.com\/1\/wp-json\/wp\/v2\/media\/155245"}],"wp:attachment":[{"href":"https:\/\/www.caririemacao.com\/1\/wp-json\/wp\/v2\/media?parent=155244"}],"wp:term":[{"taxonomy":"category","embeddable":true,"href":"https:\/\/www.caririemacao.com\/1\/wp-json\/wp\/v2\/categories?post=155244"},{"taxonomy":"post_tag","embeddable":true,"href":"https:\/\/www.caririemacao.com\/1\/wp-json\/wp\/v2\/tags?post=155244"}],"curies":[{"name":"wp","href":"https:\/\/api.w.org\/{rel}","templated":true}]}}