{"id":155248,"date":"2020-02-26T06:48:15","date_gmt":"2020-02-26T09:48:15","guid":{"rendered":"http:\/\/www.caririemacao.com\/1\/?p=155248"},"modified":"2020-02-26T06:48:17","modified_gmt":"2020-02-26T09:48:17","slug":"traficante-ordena-e-comanda-tortura-contra-professor-em-serra-branca","status":"publish","type":"post","link":"https:\/\/www.caririemacao.com\/1\/2020\/02\/26\/traficante-ordena-e-comanda-tortura-contra-professor-em-serra-branca\/","title":{"rendered":"Traficante ordena e comanda tortura contra professor em Serra Branca"},"content":{"rendered":"\n<p>  A Pol\u00edcia Civil (PC), descobriu que uma traficante foi quem tramou, ordenou e participou da tortura contra o professor, Lu\u00eds Carlos Rodrigues Alves, na tarde do dia 17 do corrente m\u00eas.<\/p>\n\n\n\n<p>A trama ardilosa vai custar caro contra ela e mais tr\u00eas envolvidos (um j\u00e1 est\u00e1 preso) que v\u00e3o responder por tortura, homofobia, associa\u00e7\u00e3o criminosa e les\u00e3o corporal de natureza grave, informa<strong><\/strong>Cristiano Santana, delegado seccional de Monteiro.<\/p>\n\n\n\n<p>A mulher, que assim como os dois homens foragidos, j\u00e1 foram identificados, quis dar uma de justiceira e prezar pela moral e honra da sociedade e fam\u00edlias serrabranquenses e quis se sair bem na fita.<\/p>\n\n\n\n<p>Ela participou ativamente da tortura contra o professor e ainda ordenou que os comparsas gravassem a agress\u00e3o e divulgassem nas redes sociais.<\/p>\n\n\n\n<p>Na madrugada do s\u00e1bado (15), o professor foi flagrado fazendo sexo oral em um jovem numa das pra\u00e7as no centro desta cidade caririzeira.<\/p>\n\n\n\n<p>Um v\u00eddeo do ato foi gravado e logo tomou conta das redes sociais.<\/p>\n\n\n\n<p>Na segunda, o professor foi alvo de uma trama diab\u00f3lica que, por pouco, n\u00e3o lhe custou a vida.<\/p>\n\n\n\n<p>A v\u00edtima foi internada no Hospital de Trauma em Campina Grande com vis\u00edveis sinais de tortura.<\/p>\n\n\n\n<p>Foram socos, pontap\u00e9s, agress\u00f5es com chicote, barra de ferro e peda\u00e7os de pau.<\/p>\n\n\n\n<p>No Hospital de Trauma, o educador contou que errou em fazer tal ato em pra\u00e7a p\u00fablica, mas garante que as pessoas que estavam com ele eram adultas e n\u00e3o havia crian\u00e7a no entorno.<\/p>\n\n\n\n<p>O professor disse que foi atra\u00eddo para uma cilada.<\/p>\n\n\n\n<p>Ele estava em casa e, logo ap\u00f3s o almo\u00e7o, por volta do meio dia, chegou a resid\u00eancia dele um rapaz pedindo ajuda para empurrar um carro.<\/p>\n\n\n\n<p>Como o professor o conhecia, deu \u00e1gua e o ajudou com o carro.<\/p>\n\n\n\n<p>A v\u00edtima percebeu que havia uma mulher com esse rapaz.<\/p>\n\n\n\n<p>Para deix\u00e1-lo vulner\u00e1vel e sem defesa, o professor acabou dirigindo o carro enquanto o rapaz o empurrava.<\/p>\n\n\n\n<p>Mais adiante, conta Lu\u00eds Carlos, visualizou mais dois homens.<\/p>\n\n\n\n<p>Foi ent\u00e3o, segundo ele, que percebeu que havia algo errado, mas j\u00e1 era tarde.<\/p>\n\n\n\n<p>Foram, conforme o professor, aproximadamente tr\u00eas horas de tortura e de luta desesperada pela vida.<\/p>\n\n\n\n<p>As agress\u00f5es ocorreram na zona rural de Serra Branca e ele conseguiu escapar correndo pelo mato, pulando cercas e se ferindo em arames farpados.<\/p>\n\n\n\n<p>Lu\u00eds Carlos disse tamb\u00e9m que seus agressores ainda gravaram o v\u00eddeo o obrigando a pedir desculpas pelo ocorrido na pra\u00e7a.<\/p>\n\n\n\n<p>O professor gritou bastante pedindo socorro e recebeu ajuda de agricultores que ouviram seus apelos.<\/p>\n\n\n\n<p>O SAMU foi acionado, assim como a pol\u00edcia militar.<\/p>\n\n\n\n<p>Homossexual assumido, Lu\u00eds Carlos n\u00e3o tem d\u00favidas: foi v\u00edtima de homofobia.<\/p>\n\n\n\n<p>Por um momento ele pensou que iria morrer.<\/p>\n\n\n\n<p>O professor s\u00f3 espera que os culpados sejam punidos.<\/p>\n\n\n\n<p>Um dos envolvidos foi preso e identificado como Morrone.<\/p>\n\n\n\n<p>A conduta do professor tamb\u00e9m est\u00e1 sendo apurada, em rela\u00e7\u00e3o ao ato realizado em local p\u00fablico (importuna\u00e7\u00e3o ofensiva ao pudor).<\/p>\n\n\n\n<p>Fonte:<strong>Renato Diniz<\/strong><\/p>\n","protected":false},"excerpt":{"rendered":"<p>A Pol\u00edcia Civil (PC), descobriu que uma traficante foi quem tramou, ordenou e participou da tortura contra o professor, Lu\u00eds Carlos Rodrigues Alves, na tarde&hellip; <\/p>\n","protected":false},"author":2,"featured_media":154249,"comment_status":"closed","ping_status":"closed","sticky":false,"template":"","format":"standard","meta":{"sfsi_plus_gutenberg_text_before_share":"","sfsi_plus_gutenberg_show_text_before_share":"","sfsi_plus_gutenberg_icon_type":"","sfsi_plus_gutenberg_icon_alignemt":"","sfsi_plus_gutenburg_max_per_row":"","footnotes":""},"categories":[12],"tags":[],"class_list":["post-155248","post","type-post","status-publish","format-standard","has-post-thumbnail","hentry","category-policia"],"_links":{"self":[{"href":"https:\/\/www.caririemacao.com\/1\/wp-json\/wp\/v2\/posts\/155248","targetHints":{"allow":["GET"]}}],"collection":[{"href":"https:\/\/www.caririemacao.com\/1\/wp-json\/wp\/v2\/posts"}],"about":[{"href":"https:\/\/www.caririemacao.com\/1\/wp-json\/wp\/v2\/types\/post"}],"author":[{"embeddable":true,"href":"https:\/\/www.caririemacao.com\/1\/wp-json\/wp\/v2\/users\/2"}],"replies":[{"embeddable":true,"href":"https:\/\/www.caririemacao.com\/1\/wp-json\/wp\/v2\/comments?post=155248"}],"version-history":[{"count":1,"href":"https:\/\/www.caririemacao.com\/1\/wp-json\/wp\/v2\/posts\/155248\/revisions"}],"predecessor-version":[{"id":155249,"href":"https:\/\/www.caririemacao.com\/1\/wp-json\/wp\/v2\/posts\/155248\/revisions\/155249"}],"wp:featuredmedia":[{"embeddable":true,"href":"https:\/\/www.caririemacao.com\/1\/wp-json\/wp\/v2\/media\/154249"}],"wp:attachment":[{"href":"https:\/\/www.caririemacao.com\/1\/wp-json\/wp\/v2\/media?parent=155248"}],"wp:term":[{"taxonomy":"category","embeddable":true,"href":"https:\/\/www.caririemacao.com\/1\/wp-json\/wp\/v2\/categories?post=155248"},{"taxonomy":"post_tag","embeddable":true,"href":"https:\/\/www.caririemacao.com\/1\/wp-json\/wp\/v2\/tags?post=155248"}],"curies":[{"name":"wp","href":"https:\/\/api.w.org\/{rel}","templated":true}]}}