{"id":155250,"date":"2020-02-26T06:49:32","date_gmt":"2020-02-26T09:49:32","guid":{"rendered":"http:\/\/www.caririemacao.com\/1\/?p=155250"},"modified":"2020-02-26T06:49:33","modified_gmt":"2020-02-26T09:49:33","slug":"em-monteiro-prefeita-anna-lorena-entrega-novo-fardamento-aos-servidores-da-infraestrutura","status":"publish","type":"post","link":"https:\/\/www.caririemacao.com\/1\/2020\/02\/26\/em-monteiro-prefeita-anna-lorena-entrega-novo-fardamento-aos-servidores-da-infraestrutura\/","title":{"rendered":"Em Monteiro: Prefeita Anna Lorena entrega novo fardamento aos servidores da Infraestrutura."},"content":{"rendered":"\n<p>A Prefeita Anna Lorena, atrav\u00e9s da Secretaria de Infraestrutura realizou a entrega do novo fardamento para os profissionais do setor, beneficiando cerca de 160 profissionais, que receberam das m\u00e3os da prefeita e do secret\u00e1rio de Infraestrutura, o kit de fardamento, com camisa, cal\u00e7a e botas. O fardamento conta com faixas refletivas de alta qualidade, na camisa e na cal\u00e7a, para manter a seguran\u00e7a dos profissionais em suas atividades.<\/p>\n\n\n\n<p>O secretario de Infraestrutura Juraci Conrado, agradeceu a prefeita pelo apoio dado aos profissionais do setor e pela preocupa\u00e7\u00e3o de fornecer um fardamento com a qualidade que eles merecem, para o exerc\u00edcio dos trabalhos na limpeza de nossa cidade.<\/p>\n\n\n\n<p>\u201cAgrade\u00e7o a prefeita Anna Lorena, pelo apoio di\u00e1rio, dado n\u00e3o s\u00f3 a secretaria, mais principalmente aos nossos profissionais que fazem a manuten\u00e7\u00e3o das nossas ruas. Agrade\u00e7o tamb\u00e9m em nome de todos pelo novo fardamento onde vai proporcionar mais seguran\u00e7a a todos\u201d \u2013 Disse Conrado \u2013 secret\u00e1rio de Infraestrutura.<\/p>\n\n\n\n<p>A prefeita Anna Lorena, falou da import\u00e2ncia de manter essa parceria e o di\u00e1logo com todos que fazem parte da gest\u00e3o e n\u00e3o seria diferente com aqueles que s\u00e3o respons\u00e1veis pela limpeza da nossa cidade, proporcionando a eles um fardamento mais confort\u00e1vel e de alta qualidade para suas atividades di\u00e1rias.<\/p>\n\n\n\n<p>\u201c Esse \u00e9, e ser\u00e1 sempre, o nosso objetivo, manter essa parceria e o di\u00e1logo com todos que fazem parte da gest\u00e3o, hoje em especial, nossos profissionais respons\u00e1veis pela limpeza da nossa cidade, oferecendo a voc\u00eas um fardamento de alta qualidade, conforto e acima de tudo seguran\u00e7a para as atividades di\u00e1rias, com a certeza que voc\u00eas continuar\u00e3o fazendo da nossa Monteiro uma cidade cada vez melhor\u201d disse Anna Lorena \u2013 Prefeita do munic\u00edpio.<\/p>\n","protected":false},"excerpt":{"rendered":"<p>A Prefeita Anna Lorena, atrav\u00e9s da Secretaria de Infraestrutura realizou a entrega do novo fardamento para os profissionais do setor, beneficiando cerca de 160 profissionais,&hellip; <\/p>\n","protected":false},"author":2,"featured_media":155251,"comment_status":"closed","ping_status":"closed","sticky":false,"template":"","format":"standard","meta":{"sfsi_plus_gutenberg_text_before_share":"","sfsi_plus_gutenberg_show_text_before_share":"","sfsi_plus_gutenberg_icon_type":"","sfsi_plus_gutenberg_icon_alignemt":"","sfsi_plus_gutenburg_max_per_row":"","footnotes":""},"categories":[50,2],"tags":[],"class_list":["post-155250","post","type-post","status-publish","format-standard","has-post-thumbnail","hentry","category-destaque","category-geral"],"_links":{"self":[{"href":"https:\/\/www.caririemacao.com\/1\/wp-json\/wp\/v2\/posts\/155250","targetHints":{"allow":["GET"]}}],"collection":[{"href":"https:\/\/www.caririemacao.com\/1\/wp-json\/wp\/v2\/posts"}],"about":[{"href":"https:\/\/www.caririemacao.com\/1\/wp-json\/wp\/v2\/types\/post"}],"author":[{"embeddable":true,"href":"https:\/\/www.caririemacao.com\/1\/wp-json\/wp\/v2\/users\/2"}],"replies":[{"embeddable":true,"href":"https:\/\/www.caririemacao.com\/1\/wp-json\/wp\/v2\/comments?post=155250"}],"version-history":[{"count":1,"href":"https:\/\/www.caririemacao.com\/1\/wp-json\/wp\/v2\/posts\/155250\/revisions"}],"predecessor-version":[{"id":155252,"href":"https:\/\/www.caririemacao.com\/1\/wp-json\/wp\/v2\/posts\/155250\/revisions\/155252"}],"wp:featuredmedia":[{"embeddable":true,"href":"https:\/\/www.caririemacao.com\/1\/wp-json\/wp\/v2\/media\/155251"}],"wp:attachment":[{"href":"https:\/\/www.caririemacao.com\/1\/wp-json\/wp\/v2\/media?parent=155250"}],"wp:term":[{"taxonomy":"category","embeddable":true,"href":"https:\/\/www.caririemacao.com\/1\/wp-json\/wp\/v2\/categories?post=155250"},{"taxonomy":"post_tag","embeddable":true,"href":"https:\/\/www.caririemacao.com\/1\/wp-json\/wp\/v2\/tags?post=155250"}],"curies":[{"name":"wp","href":"https:\/\/api.w.org\/{rel}","templated":true}]}}