{"id":155258,"date":"2020-02-26T07:07:55","date_gmt":"2020-02-26T10:07:55","guid":{"rendered":"http:\/\/www.caririemacao.com\/1\/?p=155258"},"modified":"2020-02-26T07:07:56","modified_gmt":"2020-02-26T10:07:56","slug":"folioes-denunciam-agulhadas-no-carnaval-do-recife-e-de-olinda","status":"publish","type":"post","link":"https:\/\/www.caririemacao.com\/1\/2020\/02\/26\/folioes-denunciam-agulhadas-no-carnaval-do-recife-e-de-olinda\/","title":{"rendered":"Foli\u00f5es denunciam \u2018agulhadas\u2019 no carnaval do Recife e de Olinda"},"content":{"rendered":"\n<p>Subiu para 43 o n\u00famero de pessoas que denunciaram \u00e0 Pol\u00edcia Civil ter levado \u201cagulhadas\u201d no carnaval deste ano no Recife e em Olinda, segundo boletim divulgado nesta ter\u00e7a-feira (25). Na tarde do domingo (23), eram 12 boletins de ocorr\u00eancia. J\u00e1 a Secretaria de Sa\u00fade do estado contabilizou, desde o dia 15 de fevereiro, 69 pessoas que alegaram terem sido furadas por agulhas em quatro cidades. Eram 23 at\u00e9 o domingo.<\/p>\n\n\n\n<p>Em 2019, cerca de 300 pessoas prestaram queixa no estado sobre esse tipo de ocorr\u00eancia e n\u00e3o houve relatos de contamina\u00e7\u00e3o. N\u00e3o houve casos positivos relacionados ao ano passado.<\/p>\n\n\n\n<p>A Pol\u00edcia Civil apontou, em nota, que foram dez den\u00fancias no s\u00e1bado (22), outras 15 no domingo (23) e mais 18 na segunda-feira (24), sendo 11 em diversos pontos de Olinda e sete no Recife. N\u00e3o foram divulgados dados desta ter\u00e7a (25).<\/p>\n\n\n\n<p>\u201cUma parte dos denunciantes relatou a exposi\u00e7\u00e3o, neste carnaval, a outras formas de risco de contra\u00e7\u00e3o do HIV e outra n\u00e3o soube descrever com precis\u00e3o as circunst\u00e2ncias e o momento em que foram tocadas por objeto perfurocortante\u201d, apontou a Civil no texto.<\/p>\n\n\n\n<p>Os boletins de ocorr\u00eancia foram registradas no posto de atendimento 24 horas, instalado pela Pol\u00edcia Civil no Hospital Correia Pican\u00e7o, refer\u00eancia no atendimento a doen\u00e7as infecto-contagiosas. \u201cOs policiais civis coletaram os depoimentos, dentro do procedimento das dilig\u00eancias, para identificar e capturar os suspeitos dessa pr\u00e1tica\u201d, disse ainda a nota.<\/p>\n\n\n\n<p>Atendimentos<br>Dos 69 casos registrados pela SES no intervalo de 15 a 24 de fevereiro, 41 eram mulheres e 28 homens. Os registros foram feitos nos munic\u00edpios do Recife, Olinda, Jaboat\u00e3o dos Guararapes, na Regi\u00e3o Metropolitana, e Orob\u00f3, no Agreste do estado.<\/p>\n\n\n\n<p>As pessoas que relatarem terem sido alvo de agulhadas foram encaminhadas para triagem no Hospital Correia Pican\u00e7o. Dos 69 casos registrados pela SES no intervalo de 15 a 24 de fevereiro, 65 pacientes realizaram a profilaxia p\u00f3s-exposi\u00e7\u00e3o (PeP), para prevenir a infec\u00e7\u00e3o pelo v\u00edrus HIV e outras infec\u00e7\u00f5es.<\/p>\n\n\n\n<p>Os demais, ou se recusaram a fazer o teste r\u00e1pido, que \u00e9 pr\u00e9-requisito para o uso da medica\u00e7\u00e3o e do tratamento, ou n\u00e3o estavam aptos a receb\u00ea-lo, o pois j\u00e1 havia passado mais de 72 horas desde o momento da agulhada.<\/p>\n\n\n\n<p>Todos foram liberados ap\u00f3s avalia\u00e7\u00e3o m\u00e9dica, com a orienta\u00e7\u00e3o de retorno ap\u00f3s 30 dias para conclus\u00e3o do tratamento. Al\u00e9m disso, eles foram orientados a realizar o monitoramento de poss\u00edveis infec\u00e7\u00f5es no Servi\u00e7o de Aten\u00e7\u00e3o Especializada (SAE) do Correia Pican\u00e7o, ou nos munic\u00edpios de resid\u00eancia dos paciente.<\/p>\n\n\n\n<p>A SES explicou que os \u00edndices de transmiss\u00e3o por meio de picadas com agulhas infectadas s\u00e3o considerados baixos, em m\u00e9dia 0,3% para HIV.<\/p>\n\n\n\n<p>Saiba o que fazer<br>Exposi\u00e7\u00e3o cut\u00e2nea: lavar imediatamente o local com \u00e1gua e sab\u00e3o.<br>Exposi\u00e7\u00e3o de mucosa: lavar imediatamente e de maneira exaustiva o local com soro fisiol\u00f3gico.<br>N\u00e3o \u00e9 necess\u00e1rio ampliar o ferimento nem espremer o local, nem \u00e9 recomendada a utiliza\u00e7\u00e3o de subst\u00e2ncias c\u00e1usticas, pois essas medidas apenas ampliam a \u00e1rea de exposi\u00e7\u00e3o, sem demonstra\u00e7\u00e3o de utilidade profil\u00e1tica.<br>Realizar curativo conforme necess\u00e1rio.<br>Encaminhar para o Hospital Correia Pican\u00e7o para medidas de preven\u00e7\u00e3o.<\/p>\n\n\n\n<p>Em 2019<br>As primeiras den\u00fancias de agulhadas no carnaval de 2019 surgiram no dia 2 de mar\u00e7o. Na \u00e9poca, a Secretaria de Sa\u00fade de Pernambuco (SES) informou que dez pessoas foram atendidas em um hospital no Recife depois de fazer os relatos. A pasta disse que esses pacientes receberam medicamentos contra doen\u00e7as infectocontagiosas.<\/p>\n\n\n\n<p>Ainda segundo a Secretaria de Sa\u00fade, todas as pessoas foram atendidas no Hospital Correia Pican\u00e7o, no bairro da Tamarineira, na Zona Norte da capital.<\/p>\n\n\n\n<p>Todos os pacientes, informou a secretaria, foram liberados. Antes, no entanto, tomaram medicamentos que s\u00e3o ministrados para preven\u00e7\u00e3o ao v\u00edrus HIV.<\/p>\n\n\n\n<p>Eles tamb\u00e9m receberam a orienta\u00e7\u00e3o para voltar \u00e0 unidade de sa\u00fade em 30 dias, prazo necess\u00e1rio para a conclus\u00e3o desse tratamento.<\/p>\n\n\n\n<p>Governo divulga retrato falado ap\u00f3s 190 pessoas denunciarem agress\u00f5es com agulhas na folia<\/p>\n\n\n\n<p>Retrato falado<br>No dia 8 de mar\u00e7o, a pol\u00edcia divulgou um retrato falado do suspeito de envolvimento no caso em que foli\u00f5es relataram ter sido agredidos por agulhas de seringa durante o carnaval. A imagem foi feita a partir da descri\u00e7\u00e3o feita por uma das v\u00edtimas. Um ano depois do fato, n\u00e3o houve relato de pris\u00f5es (Veja v\u00eddeo acima).<\/p>\n\n\n\n<p>Depois do carnaval de 2019, uma delegacia m\u00f3vel foi montada no Hospital Correia Pican\u00e7o. O resultado do exame realizado nas pessoas que relataram terem sido agredidas com agulhas n\u00e3o foi divulgado.<\/p>\n","protected":false},"excerpt":{"rendered":"<p>Subiu para 43 o n\u00famero de pessoas que denunciaram \u00e0 Pol\u00edcia Civil ter levado \u201cagulhadas\u201d no carnaval deste ano no Recife e em Olinda, segundo&hellip; <\/p>\n","protected":false},"author":2,"featured_media":155259,"comment_status":"closed","ping_status":"closed","sticky":false,"template":"","format":"standard","meta":{"sfsi_plus_gutenberg_text_before_share":"","sfsi_plus_gutenberg_show_text_before_share":"","sfsi_plus_gutenberg_icon_type":"","sfsi_plus_gutenberg_icon_alignemt":"","sfsi_plus_gutenburg_max_per_row":"","footnotes":""},"categories":[2],"tags":[],"class_list":["post-155258","post","type-post","status-publish","format-standard","has-post-thumbnail","hentry","category-geral"],"_links":{"self":[{"href":"https:\/\/www.caririemacao.com\/1\/wp-json\/wp\/v2\/posts\/155258","targetHints":{"allow":["GET"]}}],"collection":[{"href":"https:\/\/www.caririemacao.com\/1\/wp-json\/wp\/v2\/posts"}],"about":[{"href":"https:\/\/www.caririemacao.com\/1\/wp-json\/wp\/v2\/types\/post"}],"author":[{"embeddable":true,"href":"https:\/\/www.caririemacao.com\/1\/wp-json\/wp\/v2\/users\/2"}],"replies":[{"embeddable":true,"href":"https:\/\/www.caririemacao.com\/1\/wp-json\/wp\/v2\/comments?post=155258"}],"version-history":[{"count":1,"href":"https:\/\/www.caririemacao.com\/1\/wp-json\/wp\/v2\/posts\/155258\/revisions"}],"predecessor-version":[{"id":155260,"href":"https:\/\/www.caririemacao.com\/1\/wp-json\/wp\/v2\/posts\/155258\/revisions\/155260"}],"wp:featuredmedia":[{"embeddable":true,"href":"https:\/\/www.caririemacao.com\/1\/wp-json\/wp\/v2\/media\/155259"}],"wp:attachment":[{"href":"https:\/\/www.caririemacao.com\/1\/wp-json\/wp\/v2\/media?parent=155258"}],"wp:term":[{"taxonomy":"category","embeddable":true,"href":"https:\/\/www.caririemacao.com\/1\/wp-json\/wp\/v2\/categories?post=155258"},{"taxonomy":"post_tag","embeddable":true,"href":"https:\/\/www.caririemacao.com\/1\/wp-json\/wp\/v2\/tags?post=155258"}],"curies":[{"name":"wp","href":"https:\/\/api.w.org\/{rel}","templated":true}]}}