{"id":155266,"date":"2020-02-26T07:59:00","date_gmt":"2020-02-26T10:59:00","guid":{"rendered":"http:\/\/www.caririemacao.com\/1\/?p=155266"},"modified":"2020-02-26T07:59:03","modified_gmt":"2020-02-26T10:59:03","slug":"com-recorde-de-publico-bispo-de-campina-grande-encerra-crescer-2020-em-campina-grande","status":"publish","type":"post","link":"https:\/\/www.caririemacao.com\/1\/2020\/02\/26\/com-recorde-de-publico-bispo-de-campina-grande-encerra-crescer-2020-em-campina-grande\/","title":{"rendered":"Com recorde de p\u00fablico, Bispo de Campina Grande encerra Crescer 2020, em Campina Grande"},"content":{"rendered":"\n<p> Foi encerrada na tarde desta ter\u00e7a-feira (25) a 23\u00aa edi\u00e7\u00e3o do Crescer 2020 \u2013 o Encontro da Fam\u00edlia Cat\u00f3lica, realizado pela Comunidade de S\u00e3o Pio X, na casa de shows Spazzio em Campina Grande-PB. Com recorde de p\u00fablico, o Bispo Diocesano de Campina Grande, Dom Dulc\u00eanio Fontes de Matos, presidiu a Santa Missa de encerramento.<\/p>\n\n\n\n<p>A Santa Missa desta tarde tamb\u00e9m foi concelebrada pelos Padres Luciano Guedes, Padre Jadeilson Santos, Padre Denis Alves e o Frei Gilson. Contando com a assist\u00eancia lit\u00fargica dos Di\u00e1conos \u00c9rick N\u00f3brega, Val\u00e9rio da Silva, Manass\u00e9s, Marco Danillo e Moacir Almeida, todos da Diocese de Campina Grande. Dezenas de Ministros Extraordin\u00e1rios da Eucaristia e Seminaristas, membros da Liturgia e Ac\u00f3litos tamb\u00e9m auxiliaram na celebra\u00e7\u00e3o desta tarde.<\/p>\n\n\n\n<p><strong>A Homilia<\/strong><\/p>\n\n\n\n<div class=\"wp-block-image\"><figure class=\"aligncenter\"><img decoding=\"async\" data-src=\"http:\/\/deolhonocariri.com.br\/wp-content\/uploads\/2020\/02\/crescer-3.jpg\" alt=\"\" class=\"wp-image-78412 lazyload\" src=\"data:image\/svg+xml;base64,PHN2ZyB3aWR0aD0iMSIgaGVpZ2h0PSIxIiB4bWxucz0iaHR0cDovL3d3dy53My5vcmcvMjAwMC9zdmciPjwvc3ZnPg==\" \/><\/figure><\/div>\n\n\n\n<p>A homilia de Dom Dulc\u00eanio foi pautada a chamar a aten\u00e7\u00e3o das fam\u00edlias ao P\u00e3o Eucar\u00edstico, o Bispo instruiu que \u00e9 a partir da Eucaristia que a fam\u00edlia consegue entender a sua miss\u00e3o enquanto fam\u00edlia crist\u00e3: \u201cFam\u00edlias, buscai as coisas do alto, comungando da Palavra de Deus e tamb\u00e9m da Eucaristia. A Eucaristia \u00e9 tudo quando vivenciada!\u201d<\/p>\n\n\n\n<p>Explicando o livro dos Atos dos Ap\u00f3stolos que apresenta o contexto de duas fam\u00edlias que buscaram entregar-se ao Cristo convertendo-se pela prega\u00e7\u00e3o apost\u00f3lica, o Bispo incentivou \u00e0s fam\u00edlias a darem um passo rumo \u00e0 convers\u00e3o: \u201c\u00c9 preciso que a fam\u00edlia d\u00ea o passo: o de abeirar-se da vida da Igreja, inclusive dos Sacramentos. A Igreja deve ser fam\u00edlia onde tamb\u00e9m as fam\u00edlias se encontram. Igreja: fam\u00edlia de fam\u00edlias; fam\u00edlia de Cristo composta por fam\u00edlias que t\u00eam Cristo como o seu eixo\u201d, disse o Bispo.<\/p>\n\n\n\n<p>Prosseguiu Dom Dulc\u00eanio: \u201cAs fam\u00edlias s\u00e3o chamadas \u00e0 grande fam\u00edlia Igreja para, alimentadas pela Eucaristia, entenderem-se na sua miss\u00e3o no mundo, para unir os seus membros, formando, assim, uma verdadeira comunh\u00e3o de amor entre os seus componentes. E mais: a Eucaristia alimenta as virtudes peculiares e necess\u00e1rias \u00e0s fam\u00edlias crist\u00e3s\u201d.<\/p>\n\n\n\n<p>Por fim, o Bispo de Campina Grande falou de seu desejo, que \u00e9 o de que as fam\u00edlias sejam inseridas na grande fam\u00edlia de Deus: \u201cA Eucaristia deve eivar as fam\u00edlias, e, nisto santific\u00e1-las. Que aprendendo com a Sagrada Fam\u00edlia, que tinha o Templo e as suas obriga\u00e7\u00f5es religiosas como necessidade de seu lar, as nossas fam\u00edlias se primem para, na frequ\u00eancia \u00e0 Igreja, alimentando-se da Eucaristia, inserir-se na comunidade de amor, a grande fam\u00edlia de Deus.\u201d Finalizou.<\/p>\n\n\n\n<p><strong>A ben\u00e7\u00e3o das Fam\u00edlias<\/strong><\/p>\n\n\n\n<div class=\"wp-block-image\"><figure class=\"aligncenter\"><img decoding=\"async\" data-src=\"http:\/\/deolhonocariri.com.br\/wp-content\/uploads\/2020\/02\/crescer-2.jpg\" alt=\"\" class=\"wp-image-78411 lazyload\" src=\"data:image\/svg+xml;base64,PHN2ZyB3aWR0aD0iMSIgaGVpZ2h0PSIxIiB4bWxucz0iaHR0cDovL3d3dy53My5vcmcvMjAwMC9zdmciPjwvc3ZnPg==\" \/><\/figure><\/div>\n\n\n\n<p>No encerramento, o Bispo de Campina Grande, Dom Dulc\u00eanio Fontes de Matos, concedeu a Ben\u00e7\u00e3o e Consagra\u00e7\u00e3o das Fam\u00edlias, sob a ilumina\u00e7\u00e3o de milhares de velas, na casa de show Spazzio, \u00e0s fam\u00edlias presentes na Santa Missa.<\/p>\n\n\n\n<p>De acordo com a organiza\u00e7\u00e3o do Crescer, esta edi\u00e7\u00e3o registrou o maior p\u00fablico da hist\u00f3ria da casa de shows Spazzio, chegando a quase 20 mil pessoas durante o dia, como p\u00fablico circulante. \u201cN\u00f3s n\u00e3o avaliamos com base no p\u00fablico, embora, tenhamos tido o maior p\u00fablico da hist\u00f3ria, ao ponto de fechar a casa de shows durante a missa de encerramento por uma quest\u00e3o de seguran\u00e7a e orienta\u00e7\u00e3o do Corpo de Bombeiros. No entanto, nossa maior miss\u00e3o \u00e9 a de evangeliza\u00e7\u00e3o, \u00e9 isso que n\u00f3s devemos comemorar em um evento como este, s\u00e3o as fam\u00edlias que s\u00e3o restauradas. \u00c9 isso que n\u00f3s queremos estimular, \u00e9 isso que n\u00f3s valorizamos no Crescer\u201d.<\/p>\n\n\n\n<div class=\"wp-block-image\"><figure class=\"aligncenter\"><img decoding=\"async\" data-src=\"http:\/\/deolhonocariri.com.br\/wp-content\/uploads\/2020\/02\/crescer-1.jpg\" alt=\"\" class=\"wp-image-78410 lazyload\" src=\"data:image\/svg+xml;base64,PHN2ZyB3aWR0aD0iMSIgaGVpZ2h0PSIxIiB4bWxucz0iaHR0cDovL3d3dy53My5vcmcvMjAwMC9zdmciPjwvc3ZnPg==\" \/><\/figure><\/div>\n\n\n\n<div class=\"wp-block-image\"><figure class=\"aligncenter\"><img decoding=\"async\" data-src=\"http:\/\/deolhonocariri.com.br\/wp-content\/uploads\/2020\/02\/51343b56-a0ab-4d56-bfc8-81919579a733-1280x742-1.jpg\" alt=\"\" class=\"wp-image-78413 lazyload\" src=\"data:image\/svg+xml;base64,PHN2ZyB3aWR0aD0iMSIgaGVpZ2h0PSIxIiB4bWxucz0iaHR0cDovL3d3dy53My5vcmcvMjAwMC9zdmciPjwvc3ZnPg==\" \/><\/figure><\/div>\n\n\n\n<p>As datas de realiza\u00e7\u00e3o do 25\u00ba Crescer, em 2021, j\u00e1 foram definidas para 14, 15 e 16 de fevereiro. Este ano, assim como em 2019, o Crescer far\u00e1 presta\u00e7\u00e3o p\u00fablica de contas. As informa\u00e7\u00f5es poder\u00e3o ser acessadas na p\u00e1gina da comunidadepiox.org.br e nas redes sociais da comunidade.<\/p>\n\n\n\n<p><em>Pascom Diocesana \u2013 Fotos: Comunidade Pio X<\/em><\/p>\n","protected":false},"excerpt":{"rendered":"<p>Foi encerrada na tarde desta ter\u00e7a-feira (25) a 23\u00aa edi\u00e7\u00e3o do Crescer 2020 \u2013 o Encontro da Fam\u00edlia Cat\u00f3lica, realizado pela Comunidade de S\u00e3o Pio&hellip; <\/p>\n","protected":false},"author":2,"featured_media":155267,"comment_status":"closed","ping_status":"closed","sticky":false,"template":"","format":"standard","meta":{"sfsi_plus_gutenberg_text_before_share":"","sfsi_plus_gutenberg_show_text_before_share":"","sfsi_plus_gutenberg_icon_type":"","sfsi_plus_gutenberg_icon_alignemt":"","sfsi_plus_gutenburg_max_per_row":"","footnotes":""},"categories":[2],"tags":[],"class_list":["post-155266","post","type-post","status-publish","format-standard","has-post-thumbnail","hentry","category-geral"],"_links":{"self":[{"href":"https:\/\/www.caririemacao.com\/1\/wp-json\/wp\/v2\/posts\/155266","targetHints":{"allow":["GET"]}}],"collection":[{"href":"https:\/\/www.caririemacao.com\/1\/wp-json\/wp\/v2\/posts"}],"about":[{"href":"https:\/\/www.caririemacao.com\/1\/wp-json\/wp\/v2\/types\/post"}],"author":[{"embeddable":true,"href":"https:\/\/www.caririemacao.com\/1\/wp-json\/wp\/v2\/users\/2"}],"replies":[{"embeddable":true,"href":"https:\/\/www.caririemacao.com\/1\/wp-json\/wp\/v2\/comments?post=155266"}],"version-history":[{"count":1,"href":"https:\/\/www.caririemacao.com\/1\/wp-json\/wp\/v2\/posts\/155266\/revisions"}],"predecessor-version":[{"id":155268,"href":"https:\/\/www.caririemacao.com\/1\/wp-json\/wp\/v2\/posts\/155266\/revisions\/155268"}],"wp:featuredmedia":[{"embeddable":true,"href":"https:\/\/www.caririemacao.com\/1\/wp-json\/wp\/v2\/media\/155267"}],"wp:attachment":[{"href":"https:\/\/www.caririemacao.com\/1\/wp-json\/wp\/v2\/media?parent=155266"}],"wp:term":[{"taxonomy":"category","embeddable":true,"href":"https:\/\/www.caririemacao.com\/1\/wp-json\/wp\/v2\/categories?post=155266"},{"taxonomy":"post_tag","embeddable":true,"href":"https:\/\/www.caririemacao.com\/1\/wp-json\/wp\/v2\/tags?post=155266"}],"curies":[{"name":"wp","href":"https:\/\/api.w.org\/{rel}","templated":true}]}}