{"id":155273,"date":"2020-02-26T08:01:50","date_gmt":"2020-02-26T11:01:50","guid":{"rendered":"http:\/\/www.caririemacao.com\/1\/?p=155273"},"modified":"2020-02-26T08:01:52","modified_gmt":"2020-02-26T11:01:52","slug":"mais-de-60-cidades-do-sertao-podem-ter-chuvas-intensas-neste-feriado-alerta-relatorio-do-inmet","status":"publish","type":"post","link":"https:\/\/www.caririemacao.com\/1\/2020\/02\/26\/mais-de-60-cidades-do-sertao-podem-ter-chuvas-intensas-neste-feriado-alerta-relatorio-do-inmet\/","title":{"rendered":"Mais de 60 cidades do Sert\u00e3o podem ter chuvas intensas neste feriado, alerta relat\u00f3rio do Inmet"},"content":{"rendered":"\n<p>Um&nbsp;aviso emitido \u00e0s 11h desta ter\u00e7a e que segue at\u00e9 as 9h15 desta quarta-feira (26) alerta para um&nbsp;perigo potencial de chuvas intensas em&nbsp;64 munic\u00edpios do Sert\u00e3o da Para\u00edba. Os dados do Instituto Nacional de Meteorologia (Inmet), ainda destaca que&nbsp;poder\u00e1 chover entre 20 e 30 mil\u00edmetros por hora, ou at\u00e9 50 mil\u00edmetros por dia nas cidades listadas.<\/p>\n\n\n\n<p>J\u00e1 os ventos devem ser intensos, de 40 a 60 quil\u00f4metros por hora e h\u00e1 baixo risco de corte de energia el\u00e9trica, de queda de galhos de \u00e1rvores, alagamentos e descargas el\u00e9tricas.<\/p>\n\n\n\n<p>O Inmet recomenda que os moradores das cidades que est\u00e3o em alerta, em caso de rajadas de vento, evitem se abrigar embaixo de \u00e1rvores. Ve\u00edculos tamb\u00e9m n\u00e3o devem ser estacionados pr\u00f3ximos a torres de transmiss\u00e3o e placas de propaganda. A popula\u00e7\u00e3o n\u00e3o deve utilizar aparelhos eletr\u00f4nicos ligados \u00e0 tomada.<\/p>\n\n\n\n<p>Em caso de problemas, o \u00f3rg\u00e3o orienta que as pessoas entrem em contato com a Defesa Civil, por meio do n\u00famero 199, e com o Corpo de Bombeiros, por meio do n\u00famero 193.<\/p>\n\n\n\n<p>Confira a lista das cidades com alerta de chuvas intensas:<\/p>\n\n\n\n<p>\u00c1gua Branca<br>Aguiar<br>Aparecida<br>Boa Ventura<br>Bom Jesus<br>Bom Sucesso<br>Bonito De Santa F\u00e9<br>Cachoeira Dos \u00cdndios<br>Cajazeiras<br>Cajazeirinhas<br>Carrapateira<br>Catingueira<br>Concei\u00e7\u00e3o<br>Condado<br>Coremas<br>Curral Velho<br>Diamante<br>Emas<br>Ibiara<br>Igaracy<br>Imaculada<br>Itaporanga<br>Jeric\u00f3<br>Juru<br>Lagoa<br>Lastro<br>Malta<br>Mana\u00edra<br>Mariz\u00f3polis<br>Mato Grosso<br>Monte Horebe<br>M\u00e3e D\u2019\u00c1gua<br>Nazarezinho<br>Nova Olinda<br>Olho D\u2019\u00c1gua<br>Patos<br>Paulista<br>Pedra Branca<br>Pianc\u00f3<br>Pombal<br>Po\u00e7o De Jos\u00e9 De Moura<br>Princesa Isabel<br>Santa Cruz<br>Santa Helena<br>Santa In\u00eas<br>Santa Teresinha<br>Santana De Mangueira<br>Santana Dos Garrotes<br>Serra Grande<br>Sousa<br>S\u00e3o Bentinho<br>S\u00e3o Domingos<br>S\u00e3o Francisco<br>S\u00e3o Jos\u00e9 Da Lagoa Tapada<br>S\u00e3o Jos\u00e9 De Caiana<br>S\u00e3o Jos\u00e9 De Espinharas<br>S\u00e3o Jos\u00e9 De Piranhas<br>S\u00e3o Jos\u00e9 De Princesa<br>S\u00e3o Jo\u00e3o Do Rio Do Peixe<br>Tavares<br>Triunfo<br>Uira\u00fana<br>Vieir\u00f3polis<br>Vista Serrana<\/p>\n","protected":false},"excerpt":{"rendered":"<p>Um&nbsp;aviso emitido \u00e0s 11h desta ter\u00e7a e que segue at\u00e9 as 9h15 desta quarta-feira (26) alerta para um&nbsp;perigo potencial de chuvas intensas em&nbsp;64 munic\u00edpios do&hellip; <\/p>\n","protected":false},"author":2,"featured_media":155274,"comment_status":"closed","ping_status":"closed","sticky":false,"template":"","format":"standard","meta":{"sfsi_plus_gutenberg_text_before_share":"","sfsi_plus_gutenberg_show_text_before_share":"","sfsi_plus_gutenberg_icon_type":"","sfsi_plus_gutenberg_icon_alignemt":"","sfsi_plus_gutenburg_max_per_row":"","footnotes":""},"categories":[6],"tags":[],"class_list":["post-155273","post","type-post","status-publish","format-standard","has-post-thumbnail","hentry","category-cidades"],"_links":{"self":[{"href":"https:\/\/www.caririemacao.com\/1\/wp-json\/wp\/v2\/posts\/155273","targetHints":{"allow":["GET"]}}],"collection":[{"href":"https:\/\/www.caririemacao.com\/1\/wp-json\/wp\/v2\/posts"}],"about":[{"href":"https:\/\/www.caririemacao.com\/1\/wp-json\/wp\/v2\/types\/post"}],"author":[{"embeddable":true,"href":"https:\/\/www.caririemacao.com\/1\/wp-json\/wp\/v2\/users\/2"}],"replies":[{"embeddable":true,"href":"https:\/\/www.caririemacao.com\/1\/wp-json\/wp\/v2\/comments?post=155273"}],"version-history":[{"count":1,"href":"https:\/\/www.caririemacao.com\/1\/wp-json\/wp\/v2\/posts\/155273\/revisions"}],"predecessor-version":[{"id":155275,"href":"https:\/\/www.caririemacao.com\/1\/wp-json\/wp\/v2\/posts\/155273\/revisions\/155275"}],"wp:featuredmedia":[{"embeddable":true,"href":"https:\/\/www.caririemacao.com\/1\/wp-json\/wp\/v2\/media\/155274"}],"wp:attachment":[{"href":"https:\/\/www.caririemacao.com\/1\/wp-json\/wp\/v2\/media?parent=155273"}],"wp:term":[{"taxonomy":"category","embeddable":true,"href":"https:\/\/www.caririemacao.com\/1\/wp-json\/wp\/v2\/categories?post=155273"},{"taxonomy":"post_tag","embeddable":true,"href":"https:\/\/www.caririemacao.com\/1\/wp-json\/wp\/v2\/tags?post=155273"}],"curies":[{"name":"wp","href":"https:\/\/api.w.org\/{rel}","templated":true}]}}