{"id":155279,"date":"2020-02-26T08:06:49","date_gmt":"2020-02-26T11:06:49","guid":{"rendered":"http:\/\/www.caririemacao.com\/1\/?p=155279"},"modified":"2020-02-26T08:06:51","modified_gmt":"2020-02-26T11:06:51","slug":"coronavirus-classico-entre-juventus-e-inter-de-milao-acontece-sem-torcida","status":"publish","type":"post","link":"https:\/\/www.caririemacao.com\/1\/2020\/02\/26\/coronavirus-classico-entre-juventus-e-inter-de-milao-acontece-sem-torcida\/","title":{"rendered":"Coronav\u00edrus: Cl\u00e1ssico entre Juventus e Inter de Mil\u00e3o acontece sem torcida."},"content":{"rendered":"\n<p>O Ministro da Pol\u00edtica da Juventude e do Esporte da It\u00e1lia, Vincenzo Spadafora, afirmou nesta ter\u00e7a (25) que permitiu a realiza\u00e7\u00e3o, com port\u00f5es fechados (sem p\u00fablico), de alguns jogos da 26\u00aa rodada da S\u00e9rie A (Primeira Divis\u00e3o) do Campeonato Italiano no pr\u00f3ximo final de semana como forma de impedir o avan\u00e7o do Coronav\u00edrus no pa\u00eds.<\/p>\n\n\n\n<p>Em entrevista \u00e0 emissora italiana TG2 Spadafora declarou: \u201cVamos proibir eventos esportivos na Lombardia, Veneto e Piemonte, al\u00e9m de Friuli-Venezia Giulia, Lig\u00faria e Emilia Romagna. A proibi\u00e7\u00e3o vai at\u00e9 o pr\u00f3ximo domingo [1\u00ba de mar\u00e7o]. De forma a atender os pedidos do mundo do esporte, e sem prejudicar a proibi\u00e7\u00e3o de realiza\u00e7\u00e3o de eventos esportivos em seis regi\u00f5es do norte da It\u00e1lia, permitimos a realiza\u00e7\u00e3o de alguns jogos com port\u00f5es fechados\u201d.<\/p>\n\n\n\n<p>O ministro apresenta esta posi\u00e7\u00e3o um dia ap\u00f3s o presidente da Federa\u00e7\u00e3o de Futebol de It\u00e1lia, Gabriele Gravina, pedir ao Governo que partidas da primeira divis\u00e3o programadas para a regi\u00e3o norte da It\u00e1lia sejam realizadas com port\u00f5es fechados.<\/p>\n\n\n\n<p>Desta forma, cinco dos dez jogos da pr\u00f3xima rodada do Campeonato Italiano acontecer\u00e3o sem torcida, com destaque para o cl\u00e1ssico entre Juventus e Inter de Mil\u00e3o, em Turim. As outras partidas s\u00e3o: Milan x Genoa, Parma x Spal, Udinese x Fiorentina e Sassuolo x Brescia.<\/p>\n\n\n\n<p>Liga Europa sem torcida<br>Antes mesmo da declara\u00e7\u00e3o do Ministro da Pol\u00edtica da Juventude e do Esporte da It\u00e1lia, a Inter de Mil\u00e3o j\u00e1 havia anunciado que o jogo contra o Ludogorets (Bulg\u00e1ria), que acontece na pr\u00f3xima quinta (27) no est\u00e1dio Giuseppe Meazza (Mil\u00e3o) e que \u00e9 v\u00e1lido pela segunda fase da Liga Europa, ser\u00e1 com port\u00f5es fechados.<\/p>\n\n\n\n<p>Coronav\u00edrus leva a cancelamento de evento<br>Tamb\u00e9m por conta do avan\u00e7o do Coronav\u00edrus, o Comit\u00ea Paral\u00edmpico local e os organizadores da etapa de Lignano Sabbiadoro do World Para Swim Series (circuito mundial de nata\u00e7\u00e3o paral\u00edmpica) j\u00e1 haviam cancelado o evento que aconteceria entre 27 de fevereiro e 1\u00ba de mar\u00e7o na Friuli-Venezia Giulia, uma das 20 regi\u00f5es administrativas da It\u00e1lia (justamente no norte do pa\u00eds, local com maior n\u00famero de casos de Coronav\u00edrus).<\/p>\n","protected":false},"excerpt":{"rendered":"<p>O Ministro da Pol\u00edtica da Juventude e do Esporte da It\u00e1lia, Vincenzo Spadafora, afirmou nesta ter\u00e7a (25) que permitiu a realiza\u00e7\u00e3o, com port\u00f5es fechados (sem&hellip; <\/p>\n","protected":false},"author":2,"featured_media":155280,"comment_status":"closed","ping_status":"closed","sticky":false,"template":"","format":"standard","meta":{"sfsi_plus_gutenberg_text_before_share":"","sfsi_plus_gutenberg_show_text_before_share":"","sfsi_plus_gutenberg_icon_type":"","sfsi_plus_gutenberg_icon_alignemt":"","sfsi_plus_gutenburg_max_per_row":"","footnotes":""},"categories":[2],"tags":[],"class_list":["post-155279","post","type-post","status-publish","format-standard","has-post-thumbnail","hentry","category-geral"],"_links":{"self":[{"href":"https:\/\/www.caririemacao.com\/1\/wp-json\/wp\/v2\/posts\/155279","targetHints":{"allow":["GET"]}}],"collection":[{"href":"https:\/\/www.caririemacao.com\/1\/wp-json\/wp\/v2\/posts"}],"about":[{"href":"https:\/\/www.caririemacao.com\/1\/wp-json\/wp\/v2\/types\/post"}],"author":[{"embeddable":true,"href":"https:\/\/www.caririemacao.com\/1\/wp-json\/wp\/v2\/users\/2"}],"replies":[{"embeddable":true,"href":"https:\/\/www.caririemacao.com\/1\/wp-json\/wp\/v2\/comments?post=155279"}],"version-history":[{"count":1,"href":"https:\/\/www.caririemacao.com\/1\/wp-json\/wp\/v2\/posts\/155279\/revisions"}],"predecessor-version":[{"id":155281,"href":"https:\/\/www.caririemacao.com\/1\/wp-json\/wp\/v2\/posts\/155279\/revisions\/155281"}],"wp:featuredmedia":[{"embeddable":true,"href":"https:\/\/www.caririemacao.com\/1\/wp-json\/wp\/v2\/media\/155280"}],"wp:attachment":[{"href":"https:\/\/www.caririemacao.com\/1\/wp-json\/wp\/v2\/media?parent=155279"}],"wp:term":[{"taxonomy":"category","embeddable":true,"href":"https:\/\/www.caririemacao.com\/1\/wp-json\/wp\/v2\/categories?post=155279"},{"taxonomy":"post_tag","embeddable":true,"href":"https:\/\/www.caririemacao.com\/1\/wp-json\/wp\/v2\/tags?post=155279"}],"curies":[{"name":"wp","href":"https:\/\/api.w.org\/{rel}","templated":true}]}}