{"id":155289,"date":"2020-02-26T08:22:53","date_gmt":"2020-02-26T11:22:53","guid":{"rendered":"http:\/\/www.caririemacao.com\/1\/?p=155289"},"modified":"2020-02-26T08:22:55","modified_gmt":"2020-02-26T11:22:55","slug":"inscricoes-para-olimpiada-de-matematica-ja-estao-abertas","status":"publish","type":"post","link":"https:\/\/www.caririemacao.com\/1\/2020\/02\/26\/inscricoes-para-olimpiada-de-matematica-ja-estao-abertas\/","title":{"rendered":"Inscri\u00e7\u00f5es para Ol\u00edmpiada de Matem\u00e1tica j\u00e1 est\u00e3o abertas"},"content":{"rendered":"\n<p>J\u00e1 est\u00e3o abertas as inscri\u00e7\u00f5es para a 16\u00aa Olimp\u00edada Brasileira de Matem\u00e1tica das escolas p\u00fablicas. Podem participar estudantes do sexto ano do ensino fundamental a terceira s\u00e9rie do ensino m\u00e9dio.<\/p>\n\n\n\n<p><a href=\"http:\/\/tvbrasil.ebc.com.br\/comosintonizar\">Clique aqui<\/a>&nbsp;para saber como sintonizar a programa\u00e7\u00e3o da TV Brasil.<\/p>\n","protected":false},"excerpt":{"rendered":"<p>J\u00e1 est\u00e3o abertas as inscri\u00e7\u00f5es para a 16\u00aa Olimp\u00edada Brasileira de Matem\u00e1tica das escolas p\u00fablicas. Podem participar estudantes do sexto ano do ensino fundamental a&hellip; <\/p>\n","protected":false},"author":2,"featured_media":13230,"comment_status":"closed","ping_status":"closed","sticky":false,"template":"","format":"standard","meta":{"sfsi_plus_gutenberg_text_before_share":"","sfsi_plus_gutenberg_show_text_before_share":"","sfsi_plus_gutenberg_icon_type":"","sfsi_plus_gutenberg_icon_alignemt":"","sfsi_plus_gutenburg_max_per_row":"","footnotes":""},"categories":[2],"tags":[],"class_list":["post-155289","post","type-post","status-publish","format-standard","has-post-thumbnail","hentry","category-geral"],"_links":{"self":[{"href":"https:\/\/www.caririemacao.com\/1\/wp-json\/wp\/v2\/posts\/155289","targetHints":{"allow":["GET"]}}],"collection":[{"href":"https:\/\/www.caririemacao.com\/1\/wp-json\/wp\/v2\/posts"}],"about":[{"href":"https:\/\/www.caririemacao.com\/1\/wp-json\/wp\/v2\/types\/post"}],"author":[{"embeddable":true,"href":"https:\/\/www.caririemacao.com\/1\/wp-json\/wp\/v2\/users\/2"}],"replies":[{"embeddable":true,"href":"https:\/\/www.caririemacao.com\/1\/wp-json\/wp\/v2\/comments?post=155289"}],"version-history":[{"count":1,"href":"https:\/\/www.caririemacao.com\/1\/wp-json\/wp\/v2\/posts\/155289\/revisions"}],"predecessor-version":[{"id":155290,"href":"https:\/\/www.caririemacao.com\/1\/wp-json\/wp\/v2\/posts\/155289\/revisions\/155290"}],"wp:featuredmedia":[{"embeddable":true,"href":"https:\/\/www.caririemacao.com\/1\/wp-json\/wp\/v2\/media\/13230"}],"wp:attachment":[{"href":"https:\/\/www.caririemacao.com\/1\/wp-json\/wp\/v2\/media?parent=155289"}],"wp:term":[{"taxonomy":"category","embeddable":true,"href":"https:\/\/www.caririemacao.com\/1\/wp-json\/wp\/v2\/categories?post=155289"},{"taxonomy":"post_tag","embeddable":true,"href":"https:\/\/www.caririemacao.com\/1\/wp-json\/wp\/v2\/tags?post=155289"}],"curies":[{"name":"wp","href":"https:\/\/api.w.org\/{rel}","templated":true}]}}