{"id":155291,"date":"2020-02-26T08:25:11","date_gmt":"2020-02-26T11:25:11","guid":{"rendered":"http:\/\/www.caririemacao.com\/1\/?p=155291"},"modified":"2020-02-26T08:25:13","modified_gmt":"2020-02-26T11:25:13","slug":"delegacao-brasileira-deixa-sessao-da-onu-em-protesto-contra-maduro","status":"publish","type":"post","link":"https:\/\/www.caririemacao.com\/1\/2020\/02\/26\/delegacao-brasileira-deixa-sessao-da-onu-em-protesto-contra-maduro\/","title":{"rendered":"Delega\u00e7\u00e3o brasileira deixa sess\u00e3o da ONU em protesto contra Maduro"},"content":{"rendered":"\n<p>Em protesto contra o governo do presidente venezuelano Nicol\u00e1s Maduro, a ministra da Fam\u00edlia, Mulher e Direitos Humanos, Damares Alves, deixou o sal\u00e3o onde acontece a 43\u00aa Sess\u00e3o do Conselho de Direitos Humanos das Na\u00e7\u00f5es Unidas (ONU) no momento em que o chanceler venezuelano Jorge Arreaza discursava.<\/p>\n\n\n\n<p>Ao se levantar e deixar o recinto, Damares foi acompanhada pelos demais membros da delega\u00e7\u00e3o brasileira que participam do principal encontro de l\u00edderes internacionais sobre direitos humanos. A sess\u00e3o, que come\u00e7ou ontem (24), em Genebra, na Su\u00ed\u00e7a, e termina no pr\u00f3ximo dia 27, conta com a participa\u00e7\u00e3o de mais de 100 ministros e altas autoridades da \u00e1rea dos pa\u00edses-membros da ONU.<\/p>\n\n\n\n<p>Em outubro de 2019, Brasil e Venezuela foram eleitos para ocupar duas das vagas destinadas a pa\u00edses da Am\u00e9rica Latina e do Caribe no Conselho de Direitos Humanos da ONU para o per\u00edodo 2020-2022. A Venezuela foi eleita com o voto de 105 pa\u00edses-membros, tendo ficado a frente da Costa Rica. J\u00e1 o Brasil foi reeleito para mais um mandato com 153 votos.<\/p>\n\n\n\n<p>Mais cedo, ao discursar logo ap\u00f3s a abertura da sess\u00e3o, Damares j\u00e1 tinha classificado o atual regime venezuelano como \u201cileg\u00edtimo e autorit\u00e1rio\u201d. Al\u00e9m disso, em um evento paralelo no qual foi discutida a situa\u00e7\u00e3o na Venezuela, a ministra j\u00e1 tinha declarado que o governo brasileiro \u201ccondena com a m\u00e1xima veem\u00eancia as graves viola\u00e7\u00f5es dos direitos econ\u00f4micos, sociais e culturais\u201d ocorridas no pa\u00eds vizinho.<\/p>\n\n\n\n<p>Damares voltou a manifestar o apoio irrestrito do Estado brasileiro ao que classificou como \u201cas for\u00e7as democr\u00e1ticas venezuelanas\u201d, e tamb\u00e9m destacou o empenho brasileiro para recepcionar e oferecer abrigo a milhares de venezuelanos que cruzam as fronteiras fugindo \u00e0 crise pol\u00edcia, econ\u00f4mica e humanit\u00e1ria em seu pa\u00eds.<\/p>\n\n\n\n<p>Durante sua fala, o ministro das Rela\u00e7\u00f5es Exteriores da Venezuela, Jorge Arreaza, conclamou a comunidade internacional a enfrentar medidas coercitivas unilaterais contra qualquer pa\u00eds. \u201cDevemos salvar este valioso projeto coletivo, este Conselho, da obstinada e distorcida pretens\u00e3o de alguns pa\u00edses de usar de forma seletiva aos procedimentos do Conselho para atacar politicamente a alguns dos pa\u00edses-membros.\u201d<\/p>\n\n\n\n<p>O chanceler venezuelano tamb\u00e9m aproveitou para agradecer a reincorpora\u00e7\u00e3o de seu pa\u00eds ao Conselho.<\/p>\n","protected":false},"excerpt":{"rendered":"<p>Em protesto contra o governo do presidente venezuelano Nicol\u00e1s Maduro, a ministra da Fam\u00edlia, Mulher e Direitos Humanos, Damares Alves, deixou o sal\u00e3o onde acontece&hellip; <\/p>\n","protected":false},"author":2,"featured_media":155292,"comment_status":"closed","ping_status":"closed","sticky":false,"template":"","format":"standard","meta":{"sfsi_plus_gutenberg_text_before_share":"","sfsi_plus_gutenberg_show_text_before_share":"","sfsi_plus_gutenberg_icon_type":"","sfsi_plus_gutenberg_icon_alignemt":"","sfsi_plus_gutenburg_max_per_row":"","footnotes":""},"categories":[2],"tags":[],"class_list":["post-155291","post","type-post","status-publish","format-standard","has-post-thumbnail","hentry","category-geral"],"_links":{"self":[{"href":"https:\/\/www.caririemacao.com\/1\/wp-json\/wp\/v2\/posts\/155291","targetHints":{"allow":["GET"]}}],"collection":[{"href":"https:\/\/www.caririemacao.com\/1\/wp-json\/wp\/v2\/posts"}],"about":[{"href":"https:\/\/www.caririemacao.com\/1\/wp-json\/wp\/v2\/types\/post"}],"author":[{"embeddable":true,"href":"https:\/\/www.caririemacao.com\/1\/wp-json\/wp\/v2\/users\/2"}],"replies":[{"embeddable":true,"href":"https:\/\/www.caririemacao.com\/1\/wp-json\/wp\/v2\/comments?post=155291"}],"version-history":[{"count":1,"href":"https:\/\/www.caririemacao.com\/1\/wp-json\/wp\/v2\/posts\/155291\/revisions"}],"predecessor-version":[{"id":155293,"href":"https:\/\/www.caririemacao.com\/1\/wp-json\/wp\/v2\/posts\/155291\/revisions\/155293"}],"wp:featuredmedia":[{"embeddable":true,"href":"https:\/\/www.caririemacao.com\/1\/wp-json\/wp\/v2\/media\/155292"}],"wp:attachment":[{"href":"https:\/\/www.caririemacao.com\/1\/wp-json\/wp\/v2\/media?parent=155291"}],"wp:term":[{"taxonomy":"category","embeddable":true,"href":"https:\/\/www.caririemacao.com\/1\/wp-json\/wp\/v2\/categories?post=155291"},{"taxonomy":"post_tag","embeddable":true,"href":"https:\/\/www.caririemacao.com\/1\/wp-json\/wp\/v2\/tags?post=155291"}],"curies":[{"name":"wp","href":"https:\/\/api.w.org\/{rel}","templated":true}]}}