{"id":155294,"date":"2020-02-26T08:29:19","date_gmt":"2020-02-26T11:29:19","guid":{"rendered":"http:\/\/www.caririemacao.com\/1\/?p=155294"},"modified":"2020-02-26T08:29:21","modified_gmt":"2020-02-26T11:29:21","slug":"banhistas-sao-arrastados-pelo-mar-durante-ressaca","status":"publish","type":"post","link":"https:\/\/www.caririemacao.com\/1\/2020\/02\/26\/banhistas-sao-arrastados-pelo-mar-durante-ressaca\/","title":{"rendered":"Banhistas s\u00e3o arrastados pelo mar durante ressaca"},"content":{"rendered":"\n<figure><iframe width=\"100%\" height=\"480\" data-src=\"https:\/\/www.youtube.com\/embed\/W0G0ICH5SdE\" allowfullscreen=\"\" src=\"data:image\/svg+xml;base64,PHN2ZyB3aWR0aD0iMSIgaGVpZ2h0PSIxIiB4bWxucz0iaHR0cDovL3d3dy53My5vcmcvMjAwMC9zdmciPjwvc3ZnPg==\" class=\"lazyload\" data-load-mode=\"1\"><\/iframe><\/figure>\n\n\n\n<p><\/p>\n\n\n\n<p>Uma pessoa filmou o momento em que banhistas foram arrastados pelo mar durante ressaca no Guaruj\u00e1 (SP), na tarde do \u00faltimo domingo (23). A \u00e1gua subiu com for\u00e7a, invadindo a \u00e1rea das pessoas que tomavam sol na na extens\u00e3o da praia.<br><\/p>\n","protected":false},"excerpt":{"rendered":"<p>Uma pessoa filmou o momento em que banhistas foram arrastados pelo mar durante ressaca no Guaruj\u00e1 (SP), na tarde do \u00faltimo domingo (23). A \u00e1gua&hellip; <\/p>\n","protected":false},"author":2,"featured_media":155295,"comment_status":"closed","ping_status":"closed","sticky":false,"template":"","format":"standard","meta":{"sfsi_plus_gutenberg_text_before_share":"","sfsi_plus_gutenberg_show_text_before_share":"","sfsi_plus_gutenberg_icon_type":"","sfsi_plus_gutenberg_icon_alignemt":"","sfsi_plus_gutenburg_max_per_row":"","footnotes":""},"categories":[2],"tags":[],"class_list":["post-155294","post","type-post","status-publish","format-standard","has-post-thumbnail","hentry","category-geral"],"_links":{"self":[{"href":"https:\/\/www.caririemacao.com\/1\/wp-json\/wp\/v2\/posts\/155294","targetHints":{"allow":["GET"]}}],"collection":[{"href":"https:\/\/www.caririemacao.com\/1\/wp-json\/wp\/v2\/posts"}],"about":[{"href":"https:\/\/www.caririemacao.com\/1\/wp-json\/wp\/v2\/types\/post"}],"author":[{"embeddable":true,"href":"https:\/\/www.caririemacao.com\/1\/wp-json\/wp\/v2\/users\/2"}],"replies":[{"embeddable":true,"href":"https:\/\/www.caririemacao.com\/1\/wp-json\/wp\/v2\/comments?post=155294"}],"version-history":[{"count":1,"href":"https:\/\/www.caririemacao.com\/1\/wp-json\/wp\/v2\/posts\/155294\/revisions"}],"predecessor-version":[{"id":155296,"href":"https:\/\/www.caririemacao.com\/1\/wp-json\/wp\/v2\/posts\/155294\/revisions\/155296"}],"wp:featuredmedia":[{"embeddable":true,"href":"https:\/\/www.caririemacao.com\/1\/wp-json\/wp\/v2\/media\/155295"}],"wp:attachment":[{"href":"https:\/\/www.caririemacao.com\/1\/wp-json\/wp\/v2\/media?parent=155294"}],"wp:term":[{"taxonomy":"category","embeddable":true,"href":"https:\/\/www.caririemacao.com\/1\/wp-json\/wp\/v2\/categories?post=155294"},{"taxonomy":"post_tag","embeddable":true,"href":"https:\/\/www.caririemacao.com\/1\/wp-json\/wp\/v2\/tags?post=155294"}],"curies":[{"name":"wp","href":"https:\/\/api.w.org\/{rel}","templated":true}]}}