{"id":155304,"date":"2020-02-26T08:36:16","date_gmt":"2020-02-26T11:36:16","guid":{"rendered":"http:\/\/www.caririemacao.com\/1\/?p=155304"},"modified":"2020-02-26T08:36:17","modified_gmt":"2020-02-26T11:36:17","slug":"convenio-entre-al-ibge-e-empaer-vai-atualizar-limites-municipais","status":"publish","type":"post","link":"https:\/\/www.caririemacao.com\/1\/2020\/02\/26\/convenio-entre-al-ibge-e-empaer-vai-atualizar-limites-municipais\/","title":{"rendered":"Conv\u00eanio entre AL, IBGE e Empaer vai atualizar limites municipais"},"content":{"rendered":"\n<p>&nbsp;A Assembleia Legislativa da Para\u00edba (ALPB) assinou recentemente, conv\u00eanio com a Empresa Paraibana de Pesquisa, Extens\u00e3o Rural e Regulariza\u00e7\u00e3o Fundi\u00e1ria (Empaer) e com o Instituto Brasileiro de Geografia e Estat\u00edstica (IBGE) para consolidar e modernizar as leis de limites municipais no Estado.<\/p>\n\n\n\n<p>A Casa de Epit\u00e1cio Pessoa, a Empaer e o IBGE, buscam, atrav\u00e9s de conv\u00eanio, consolidar, com base na Lei 11.259\/2019, em um \u00fanico documento os descritivos de todos os limites municipais do Estado, determinado os marcos definidores das confronta\u00e7\u00f5es por coordenadas geogr\u00e1ficas.<\/p>\n\n\n\n<p>De acordo com o diretor do IBGE na Para\u00edba, Roberto Salgado, o conv\u00eanio tem como objetivo formalizar um compromisso de coopera\u00e7\u00e3o t\u00e9cnica entre os \u00f3rg\u00e3os, para que, quando haja alguma d\u00favida em rela\u00e7\u00e3o aos limites municipais, os t\u00e9cnicos das tr\u00eas institui\u00e7\u00f5es&nbsp;possam intervir.<\/p>\n\n\n\n<p>\u201cEssas pessoas, tecnicamente, com base no que diz a lei, podem interpretar e tirar as d\u00favidas dos gestores p\u00fablicos em rela\u00e7\u00e3o aos limites municipais, a todas as quest\u00f5es territoriais da Para\u00edba\u201d, ressalta Salgado.<\/p>\n\n\n\n<p>O presidente da Empaer, Nivaldo Magalh\u00e3es, explica que a grande preocupa\u00e7\u00e3o \u00e9 o reordenamento pol\u00edtico-administrativo da Para\u00edba.<\/p>\n\n\n\n<p>Segundo ele, a \u00faltima consolida\u00e7\u00e3o legal a respeito dos territ\u00f3rios municipais no estado ocorreu em 1949, na Lei 318, quando a Para\u00edba tinha apenas 40 cidade, e que devido a precariedade dos recursos t\u00e9cnicos dispon\u00edveis a \u00e9poca, se fez utilizar de refer\u00eancias geogr\u00e1ficas, imprecisas ou inconsistentes.<\/p>\n\n\n\n<p>Nivaldo lembra que foram usadas como demarca\u00e7\u00f5es territoriais artif\u00edcios que, na maioria dos casos, n\u00e3o mais existem como casas, estradas e at\u00e9 \u00e1rvores.<\/p>\n\n\n\n<p>\u201cNo final de 2018, foi aprovada uma Lei pela Assembleia fazendo a consolida\u00e7\u00e3o e a moderniza\u00e7\u00e3o dos munic\u00edpios. Agora n\u00f3s temos a Lei 11.259\/2018, que contempla os 223 munic\u00edpios. Em dois anos, n\u00f3s, a Assembleia e o IBGE fizemos um estudo minucioso para que se evite qualquer dificuldade\u201d, declara.<\/p>\n\n\n\n<p>Ele destaca ainda que qualquer munic\u00edpio que sentir dificuldade ou d\u00favida em rela\u00e7\u00e3o ao seu territ\u00f3rio, deve enviar um of\u00edcio a Empaer, que, em conjunto com a Assembleia e o IBGE discutir\u00e3o com o intuito de eliminar qualquer d\u00favida.<\/p>\n","protected":false},"excerpt":{"rendered":"<p>&nbsp;A Assembleia Legislativa da Para\u00edba (ALPB) assinou recentemente, conv\u00eanio com a Empresa Paraibana de Pesquisa, Extens\u00e3o Rural e Regulariza\u00e7\u00e3o Fundi\u00e1ria (Empaer) e com o Instituto&hellip; <\/p>\n","protected":false},"author":2,"featured_media":155305,"comment_status":"closed","ping_status":"closed","sticky":false,"template":"","format":"standard","meta":{"sfsi_plus_gutenberg_text_before_share":"","sfsi_plus_gutenberg_show_text_before_share":"","sfsi_plus_gutenberg_icon_type":"","sfsi_plus_gutenberg_icon_alignemt":"","sfsi_plus_gutenburg_max_per_row":"","footnotes":""},"categories":[2],"tags":[],"class_list":["post-155304","post","type-post","status-publish","format-standard","has-post-thumbnail","hentry","category-geral"],"_links":{"self":[{"href":"https:\/\/www.caririemacao.com\/1\/wp-json\/wp\/v2\/posts\/155304","targetHints":{"allow":["GET"]}}],"collection":[{"href":"https:\/\/www.caririemacao.com\/1\/wp-json\/wp\/v2\/posts"}],"about":[{"href":"https:\/\/www.caririemacao.com\/1\/wp-json\/wp\/v2\/types\/post"}],"author":[{"embeddable":true,"href":"https:\/\/www.caririemacao.com\/1\/wp-json\/wp\/v2\/users\/2"}],"replies":[{"embeddable":true,"href":"https:\/\/www.caririemacao.com\/1\/wp-json\/wp\/v2\/comments?post=155304"}],"version-history":[{"count":1,"href":"https:\/\/www.caririemacao.com\/1\/wp-json\/wp\/v2\/posts\/155304\/revisions"}],"predecessor-version":[{"id":155306,"href":"https:\/\/www.caririemacao.com\/1\/wp-json\/wp\/v2\/posts\/155304\/revisions\/155306"}],"wp:featuredmedia":[{"embeddable":true,"href":"https:\/\/www.caririemacao.com\/1\/wp-json\/wp\/v2\/media\/155305"}],"wp:attachment":[{"href":"https:\/\/www.caririemacao.com\/1\/wp-json\/wp\/v2\/media?parent=155304"}],"wp:term":[{"taxonomy":"category","embeddable":true,"href":"https:\/\/www.caririemacao.com\/1\/wp-json\/wp\/v2\/categories?post=155304"},{"taxonomy":"post_tag","embeddable":true,"href":"https:\/\/www.caririemacao.com\/1\/wp-json\/wp\/v2\/tags?post=155304"}],"curies":[{"name":"wp","href":"https:\/\/api.w.org\/{rel}","templated":true}]}}