{"id":155308,"date":"2020-02-26T08:39:10","date_gmt":"2020-02-26T11:39:10","guid":{"rendered":"http:\/\/www.caririemacao.com\/1\/?p=155308"},"modified":"2020-02-26T08:39:11","modified_gmt":"2020-02-26T11:39:11","slug":"bolsonaro-manda-video-por-whatsapp-convocando-para-ato-anti-congresso-reacao-contraria-ja-comecou-com-fhc-e-amorim","status":"publish","type":"post","link":"https:\/\/www.caririemacao.com\/1\/2020\/02\/26\/bolsonaro-manda-video-por-whatsapp-convocando-para-ato-anti-congresso-reacao-contraria-ja-comecou-com-fhc-e-amorim\/","title":{"rendered":"Bolsonaro manda v\u00eddeo por WhatsApp convocando para ato anti-Congresso; rea\u00e7\u00e3o contr\u00e1ria j\u00e1 come\u00e7ou com FHC e Amorim"},"content":{"rendered":"\n<p>&nbsp;Jair Bolsonaro est\u00e1 compartilhando pelo WhatsApp uma chamamento para os atos do dia 15 de mar\u00e7o contra o Congresso Nacional, que foram organizados ap\u00f3s declara\u00e7\u00e3o do general Augusto Heleno, chefe do GSI, informa a jornalista Vera Magalh\u00e3es. Ainda nesta ter\u00e7a-feira \u00e0 noite j\u00e1 houve repercuss\u00e3o negativa com o ex-presidente FHC e o ex-ministro das Rela\u00e7\u00f5es Exteriored, Celso Amorim, condenando o presidente.<\/p>\n\n\n\n<p>Segundo ela, a mensagem compartilhada do celular do presidente tem um v\u00eddeo em tom dram\u00e1tico sobre a facada da \u00e9poca a elei\u00e7\u00e3o, dizendo que ele \u201cquase morreu\u201d para defender o Brasil, e a chamada: \u201c15 de mar\u00e7o. Gen Heleno\/Cap Bolsonaro. O Brasil \u00e9 nosso, n\u00e3o dos pol\u00edticos de sempre\u201d.<\/p>\n\n\n\n<p>O v\u00eddeo de 1 minuto e 40 segundos traz frases como \u201cele foi chamado a lutar por n\u00f3s. Ele comprou a briga por n\u00f3s. Ele desafiou os poderosos por n\u00f3s. Ele quase morreu por n\u00f3s. Ele est\u00e1 enfrentando a esquerda corrupta e sanguin\u00e1ria por n\u00f3s. Ele sofre cal\u00fanias e mentiras por fazer o melhor para n\u00f3s. Ele \u00e9 a nossa \u00fanica esperan\u00e7a de dias cada vez melhores. Ele precisa de nosso apoio nas ruas\u201d.<\/p>\n","protected":false},"excerpt":{"rendered":"<p>&nbsp;Jair Bolsonaro est\u00e1 compartilhando pelo WhatsApp uma chamamento para os atos do dia 15 de mar\u00e7o contra o Congresso Nacional, que foram organizados ap\u00f3s declara\u00e7\u00e3o&hellip; <\/p>\n","protected":false},"author":2,"featured_media":155309,"comment_status":"closed","ping_status":"closed","sticky":false,"template":"","format":"standard","meta":{"sfsi_plus_gutenberg_text_before_share":"","sfsi_plus_gutenberg_show_text_before_share":"","sfsi_plus_gutenberg_icon_type":"","sfsi_plus_gutenberg_icon_alignemt":"","sfsi_plus_gutenburg_max_per_row":"","footnotes":""},"categories":[11],"tags":[],"class_list":["post-155308","post","type-post","status-publish","format-standard","has-post-thumbnail","hentry","category-politica"],"_links":{"self":[{"href":"https:\/\/www.caririemacao.com\/1\/wp-json\/wp\/v2\/posts\/155308","targetHints":{"allow":["GET"]}}],"collection":[{"href":"https:\/\/www.caririemacao.com\/1\/wp-json\/wp\/v2\/posts"}],"about":[{"href":"https:\/\/www.caririemacao.com\/1\/wp-json\/wp\/v2\/types\/post"}],"author":[{"embeddable":true,"href":"https:\/\/www.caririemacao.com\/1\/wp-json\/wp\/v2\/users\/2"}],"replies":[{"embeddable":true,"href":"https:\/\/www.caririemacao.com\/1\/wp-json\/wp\/v2\/comments?post=155308"}],"version-history":[{"count":1,"href":"https:\/\/www.caririemacao.com\/1\/wp-json\/wp\/v2\/posts\/155308\/revisions"}],"predecessor-version":[{"id":155310,"href":"https:\/\/www.caririemacao.com\/1\/wp-json\/wp\/v2\/posts\/155308\/revisions\/155310"}],"wp:featuredmedia":[{"embeddable":true,"href":"https:\/\/www.caririemacao.com\/1\/wp-json\/wp\/v2\/media\/155309"}],"wp:attachment":[{"href":"https:\/\/www.caririemacao.com\/1\/wp-json\/wp\/v2\/media?parent=155308"}],"wp:term":[{"taxonomy":"category","embeddable":true,"href":"https:\/\/www.caririemacao.com\/1\/wp-json\/wp\/v2\/categories?post=155308"},{"taxonomy":"post_tag","embeddable":true,"href":"https:\/\/www.caririemacao.com\/1\/wp-json\/wp\/v2\/tags?post=155308"}],"curies":[{"name":"wp","href":"https:\/\/api.w.org\/{rel}","templated":true}]}}