{"id":155311,"date":"2020-02-26T08:41:16","date_gmt":"2020-02-26T11:41:16","guid":{"rendered":"http:\/\/www.caririemacao.com\/1\/?p=155311"},"modified":"2020-02-26T08:41:18","modified_gmt":"2020-02-26T11:41:18","slug":"em-novo-ataque-ministro-da-educacao-provoca-lula-e-chama-ex-presidente-de-nove-dedos","status":"publish","type":"post","link":"https:\/\/www.caririemacao.com\/1\/2020\/02\/26\/em-novo-ataque-ministro-da-educacao-provoca-lula-e-chama-ex-presidente-de-nove-dedos\/","title":{"rendered":"Em novo ataque, ministro da Educa\u00e7\u00e3o provoca Lula e chama ex-presidente de \u201cnove dedos\u201d"},"content":{"rendered":"\n<p>O ministro da Educa\u00e7\u00e3o, Abraham Weintraub, usou sua conta no Twitter nesta ter\u00e7a-feira (25) para atacar o ex-presidente Luiz In\u00e1cio Lula da Silva, chamado de \u201cnove dedos\u201d pelo chefe do MEC, que demonstra n\u00e3o ter condi\u00e7\u00f5es morais para ocupar um cargo p\u00fablico.<\/p>\n\n\n\n<p>Segundo Weintraub, ao reproduzir os mandamentos b\u00edblicos, ele chama o ex-presidente de \u201cnove dedos\u201d e pede para ele siga o 10\u00b0, \u2018n\u00e3o cobi\u00e7ar as coisas alheias\u2019.<\/p>\n\n\n\n<p>\u201cInfelizmente no Twitter cabem apenas quatro perguntas. Assim, vamos come\u00e7ar apenas pela Segunda T\u00e1bua. Qual Mandamento os disc\u00edpulos do Nove Dedos (do Sem Nome) t\u00eam mais dificuldade em seguir?\u201d, escreveu o titular da pasta.<\/p>\n\n\n\n<figure class=\"wp-block-image\"><a href=\"https:\/\/twitter.com\/AbrahamWeint\"><img decoding=\"async\" data-src=\"https:\/\/pbs.twimg.com\/profile_images\/1183163859852500992\/XkhhRx0Y_bigger.jpg\" alt=\"\" src=\"data:image\/svg+xml;base64,PHN2ZyB3aWR0aD0iMSIgaGVpZ2h0PSIxIiB4bWxucz0iaHR0cDovL3d3dy53My5vcmcvMjAwMC9zdmciPjwvc3ZnPg==\" class=\"lazyload\" \/><\/a><\/figure>\n\n\n\n<p><a href=\"https:\/\/twitter.com\/AbrahamWeint\"><strong>Abraham Weintraub<\/strong><strong>&#x2714;<\/strong>@AbrahamWeint<\/a><a href=\"https:\/\/twitter.com\/AbrahamWeint\/status\/1232340205811752960\"><\/a><\/p>\n\n\n\n<p>Infelizmente no Twitter cabem apenas quatro perguntas. Assim, vamos come\u00e7ar apenas pela Segunda T\u00e1bua. Qual Mandamento os disc\u00edpulos do Nove Dedos (do Sem Nome) t\u00eam mais dificuldade em seguir?<\/p>\n","protected":false},"excerpt":{"rendered":"<p>O ministro da Educa\u00e7\u00e3o, Abraham Weintraub, usou sua conta no Twitter nesta ter\u00e7a-feira (25) para atacar o ex-presidente Luiz In\u00e1cio Lula da Silva, chamado de&hellip; <\/p>\n","protected":false},"author":2,"featured_media":155312,"comment_status":"closed","ping_status":"closed","sticky":false,"template":"","format":"standard","meta":{"sfsi_plus_gutenberg_text_before_share":"","sfsi_plus_gutenberg_show_text_before_share":"","sfsi_plus_gutenberg_icon_type":"","sfsi_plus_gutenberg_icon_alignemt":"","sfsi_plus_gutenburg_max_per_row":"","footnotes":""},"categories":[2],"tags":[],"class_list":["post-155311","post","type-post","status-publish","format-standard","has-post-thumbnail","hentry","category-geral"],"_links":{"self":[{"href":"https:\/\/www.caririemacao.com\/1\/wp-json\/wp\/v2\/posts\/155311","targetHints":{"allow":["GET"]}}],"collection":[{"href":"https:\/\/www.caririemacao.com\/1\/wp-json\/wp\/v2\/posts"}],"about":[{"href":"https:\/\/www.caririemacao.com\/1\/wp-json\/wp\/v2\/types\/post"}],"author":[{"embeddable":true,"href":"https:\/\/www.caririemacao.com\/1\/wp-json\/wp\/v2\/users\/2"}],"replies":[{"embeddable":true,"href":"https:\/\/www.caririemacao.com\/1\/wp-json\/wp\/v2\/comments?post=155311"}],"version-history":[{"count":1,"href":"https:\/\/www.caririemacao.com\/1\/wp-json\/wp\/v2\/posts\/155311\/revisions"}],"predecessor-version":[{"id":155313,"href":"https:\/\/www.caririemacao.com\/1\/wp-json\/wp\/v2\/posts\/155311\/revisions\/155313"}],"wp:featuredmedia":[{"embeddable":true,"href":"https:\/\/www.caririemacao.com\/1\/wp-json\/wp\/v2\/media\/155312"}],"wp:attachment":[{"href":"https:\/\/www.caririemacao.com\/1\/wp-json\/wp\/v2\/media?parent=155311"}],"wp:term":[{"taxonomy":"category","embeddable":true,"href":"https:\/\/www.caririemacao.com\/1\/wp-json\/wp\/v2\/categories?post=155311"},{"taxonomy":"post_tag","embeddable":true,"href":"https:\/\/www.caririemacao.com\/1\/wp-json\/wp\/v2\/tags?post=155311"}],"curies":[{"name":"wp","href":"https:\/\/api.w.org\/{rel}","templated":true}]}}