{"id":155314,"date":"2020-02-26T08:42:34","date_gmt":"2020-02-26T11:42:34","guid":{"rendered":"http:\/\/www.caririemacao.com\/1\/?p=155314"},"modified":"2020-02-26T10:21:56","modified_gmt":"2020-02-26T13:21:56","slug":"prefeitura-de-amparo-emite-nota-de-pesar-pelo-falecimento-de-cibele-maciel","status":"publish","type":"post","link":"https:\/\/www.caririemacao.com\/1\/2020\/02\/26\/prefeitura-de-amparo-emite-nota-de-pesar-pelo-falecimento-de-cibele-maciel\/","title":{"rendered":"Prefeitura de Amparo emite Nota de Pesar pelo falecimento de Cibele Maciel"},"content":{"rendered":"\n<p>O prefeito In\u00e1cio N\u00f3brega, o vice-prefeito Fl\u00e1vio Messias e toda equipe da Prefeitura de Amparo lamentam profundamente o falecimento da Inesquec\u00edvel Cibele Maciel, a mesma veio a \u00f3bito na noite desta ter\u00e7a-feira (25).<\/p>\n\n\n\n<p>Cibele passou mal e recebeu os primeiros socorros ainda na cidade de Amparo, em seguida foi levada a cidade de Monteiro, mas n\u00e3o resistiu e acabou falecendo.<\/p>\n\n\n\n<p>Ela recebeu pr\u00eamio de Cidad\u00e3 Amparense em 2018, j\u00e1 foi Secret\u00e1ria de Sa\u00fade e atualmente trabalhava como enfermeira na UBS S\u00e3o Sebasti\u00e3o.<\/p>\n\n\n\n<p>Amparo Ligado<\/p>\n","protected":false},"excerpt":{"rendered":"<p>O prefeito In\u00e1cio N\u00f3brega, o vice-prefeito Fl\u00e1vio Messias e toda equipe da Prefeitura de Amparo lamentam profundamente o falecimento da Inesquec\u00edvel Cibele Maciel, a mesma&hellip; <\/p>\n","protected":false},"author":2,"featured_media":155315,"comment_status":"closed","ping_status":"closed","sticky":false,"template":"","format":"standard","meta":{"sfsi_plus_gutenberg_text_before_share":"","sfsi_plus_gutenberg_show_text_before_share":"","sfsi_plus_gutenberg_icon_type":"","sfsi_plus_gutenberg_icon_alignemt":"","sfsi_plus_gutenburg_max_per_row":"","footnotes":""},"categories":[2],"tags":[],"class_list":["post-155314","post","type-post","status-publish","format-standard","has-post-thumbnail","hentry","category-geral"],"_links":{"self":[{"href":"https:\/\/www.caririemacao.com\/1\/wp-json\/wp\/v2\/posts\/155314","targetHints":{"allow":["GET"]}}],"collection":[{"href":"https:\/\/www.caririemacao.com\/1\/wp-json\/wp\/v2\/posts"}],"about":[{"href":"https:\/\/www.caririemacao.com\/1\/wp-json\/wp\/v2\/types\/post"}],"author":[{"embeddable":true,"href":"https:\/\/www.caririemacao.com\/1\/wp-json\/wp\/v2\/users\/2"}],"replies":[{"embeddable":true,"href":"https:\/\/www.caririemacao.com\/1\/wp-json\/wp\/v2\/comments?post=155314"}],"version-history":[{"count":2,"href":"https:\/\/www.caririemacao.com\/1\/wp-json\/wp\/v2\/posts\/155314\/revisions"}],"predecessor-version":[{"id":155327,"href":"https:\/\/www.caririemacao.com\/1\/wp-json\/wp\/v2\/posts\/155314\/revisions\/155327"}],"wp:featuredmedia":[{"embeddable":true,"href":"https:\/\/www.caririemacao.com\/1\/wp-json\/wp\/v2\/media\/155315"}],"wp:attachment":[{"href":"https:\/\/www.caririemacao.com\/1\/wp-json\/wp\/v2\/media?parent=155314"}],"wp:term":[{"taxonomy":"category","embeddable":true,"href":"https:\/\/www.caririemacao.com\/1\/wp-json\/wp\/v2\/categories?post=155314"},{"taxonomy":"post_tag","embeddable":true,"href":"https:\/\/www.caririemacao.com\/1\/wp-json\/wp\/v2\/tags?post=155314"}],"curies":[{"name":"wp","href":"https:\/\/api.w.org\/{rel}","templated":true}]}}