{"id":155317,"date":"2020-02-26T08:44:13","date_gmt":"2020-02-26T11:44:13","guid":{"rendered":"http:\/\/www.caririemacao.com\/1\/?p=155317"},"modified":"2020-02-26T10:20:23","modified_gmt":"2020-02-26T13:20:23","slug":"secretaria-de-saude-confirma-primeiro-saco-suspeito-de-coronavirus-em-pernambuco","status":"publish","type":"post","link":"https:\/\/www.caririemacao.com\/1\/2020\/02\/26\/secretaria-de-saude-confirma-primeiro-saco-suspeito-de-coronavirus-em-pernambuco\/","title":{"rendered":"Confirmado 1\u00ba caso suspeito de coronav\u00edrus em PE"},"content":{"rendered":"\n<p>A Secretaria de Sa\u00fade de Pernambuco (SES-PE) confirmou durante coletiva de imprensa, na noite desta ter\u00e7a-feira (25), que uma passageira do voo 6954, da Companhia Azul, que partiu de S\u00e3o Paulo (Guarulhos) e chegou no Recife com sintomas similares aos do coronav\u00edrus, \u00e9 o primeiro caso suspeito da doen\u00e7a no Estado. <\/p>\n\n\n\n<p>A mulher de 51 anos, de nacionalidade e nome n\u00e3o revelados, foi retirada da aeronave e examinada por agentes da Ag\u00eancia Nacional de Vigil\u00e2ncia Sanit\u00e1ria (Anvisa), sendo encaminhada para o Hospital Universit\u00e1rio Oswaldo Cruz, uma das unidades de refer\u00eancia popular selecionadas para fazer o atendimento especializado de poss\u00edveis casos do coronav\u00edrus.<\/p>\n\n\n\n<p>Segundo o secret\u00e1rio de Sa\u00fade de Pernambuco, Andr\u00e9 Longo, a paciente \u00e9 moradora de Caruaru, no Agreste de Pernambuco, e foi fazer um curso no Norte da It\u00e1lia, dia 13 de fevereiro. Apresentou febre nos dias 17 e 18 de fevereiro, e atualmente relata dor de garganta e moleza no corpo.<\/p>\n\n\n\n<p>&#8220;Importante dizer para popula\u00e7\u00e3o que o Plano de conting\u00eancia que foi montado pelo Estado de Pernambuco funcionou a contento, tanto por parte do acionamento da Anvisa, como do suporte que foi dado pelo Samu metropolitano da Prefeitura da Cidade do Recife, como a refer\u00eancia para o Hospital Universit\u00e1rio Oswaldo Cruz, que \u00e9 refer\u00eancia nesses casos. <\/p>\n\n\n\n<p>A paciente foi adequadamente transportada, isolada, est\u00e1 fazendo os exames necess\u00e1rios. A partir da mudan\u00e7a do diagn\u00f3stico em rela\u00e7\u00e3o a pacientes oriundos da It\u00e1lia, ela se enquadra como caso suspeito\u201d.<\/p>\n\n\n\n<p>A paciente j\u00e1 passou por exames laboratoriais, que seguiram para an\u00e1lise no Lacen de Pernambuco (testes para Influenza) e no Instituto Evandro Chagas, no Par\u00e1 (teste espec\u00edfico para o coronav\u00edrus). os resultados devem sair em at\u00e9 72 horas.<\/p>\n","protected":false},"excerpt":{"rendered":"<p>A Secretaria de Sa\u00fade de Pernambuco (SES-PE) confirmou durante coletiva de imprensa, na noite desta ter\u00e7a-feira (25), que uma passageira do voo 6954, da Companhia&hellip; <\/p>\n","protected":false},"author":2,"featured_media":155318,"comment_status":"closed","ping_status":"closed","sticky":false,"template":"","format":"standard","meta":{"sfsi_plus_gutenberg_text_before_share":"","sfsi_plus_gutenberg_show_text_before_share":"","sfsi_plus_gutenberg_icon_type":"","sfsi_plus_gutenberg_icon_alignemt":"","sfsi_plus_gutenburg_max_per_row":"","footnotes":""},"categories":[2],"tags":[],"class_list":["post-155317","post","type-post","status-publish","format-standard","has-post-thumbnail","hentry","category-geral"],"_links":{"self":[{"href":"https:\/\/www.caririemacao.com\/1\/wp-json\/wp\/v2\/posts\/155317","targetHints":{"allow":["GET"]}}],"collection":[{"href":"https:\/\/www.caririemacao.com\/1\/wp-json\/wp\/v2\/posts"}],"about":[{"href":"https:\/\/www.caririemacao.com\/1\/wp-json\/wp\/v2\/types\/post"}],"author":[{"embeddable":true,"href":"https:\/\/www.caririemacao.com\/1\/wp-json\/wp\/v2\/users\/2"}],"replies":[{"embeddable":true,"href":"https:\/\/www.caririemacao.com\/1\/wp-json\/wp\/v2\/comments?post=155317"}],"version-history":[{"count":3,"href":"https:\/\/www.caririemacao.com\/1\/wp-json\/wp\/v2\/posts\/155317\/revisions"}],"predecessor-version":[{"id":155326,"href":"https:\/\/www.caririemacao.com\/1\/wp-json\/wp\/v2\/posts\/155317\/revisions\/155326"}],"wp:featuredmedia":[{"embeddable":true,"href":"https:\/\/www.caririemacao.com\/1\/wp-json\/wp\/v2\/media\/155318"}],"wp:attachment":[{"href":"https:\/\/www.caririemacao.com\/1\/wp-json\/wp\/v2\/media?parent=155317"}],"wp:term":[{"taxonomy":"category","embeddable":true,"href":"https:\/\/www.caririemacao.com\/1\/wp-json\/wp\/v2\/categories?post=155317"},{"taxonomy":"post_tag","embeddable":true,"href":"https:\/\/www.caririemacao.com\/1\/wp-json\/wp\/v2\/tags?post=155317"}],"curies":[{"name":"wp","href":"https:\/\/api.w.org\/{rel}","templated":true}]}}