{"id":155321,"date":"2020-02-26T09:56:01","date_gmt":"2020-02-26T12:56:01","guid":{"rendered":"http:\/\/www.caririemacao.com\/1\/?p=155321"},"modified":"2020-02-26T09:56:03","modified_gmt":"2020-02-26T12:56:03","slug":"acidente-de-moto-com-vitima-fatal-no-cariri","status":"publish","type":"post","link":"https:\/\/www.caririemacao.com\/1\/2020\/02\/26\/acidente-de-moto-com-vitima-fatal-no-cariri\/","title":{"rendered":"Acidente de moto com v\u00edtima fatal no Cariri"},"content":{"rendered":"\n<p>Por volta das 22h30min do dia 25\/02\/2020, a pol\u00edcia recebeu uma informa\u00e7\u00e3o de que na PB 224, entre S\u00e3o Jo\u00e3o do Tigre e Camala\u00fa, um homem perdeu o controle da moto em uma curva, na queda o mesmo n\u00e3o resistiu aos ferimentos, vindo a \u00f3bito no local.<\/p>\n\n\n\n<p>A v\u00edtima \u00e9 Narciso Ceci De Freitas (48) Anos, residente no\nS\u00edtio Olho D\u2019agua &#8211; Camala\u00fa \u2013 PB e estava conduzindo uma Moto Honda, CG 150\nTITAN-KS MIX, cor vermelha, placa KJD7183 \/ PE.<\/p>\n\n\n\n<p>A guarni\u00e7\u00e3o foi at\u00e9 o destino para isolado o local, e\nacionou a delegacia da cidade de monteiro, que solicitou a presen\u00e7a da per\u00edcia,\nonde o corpo foi encaminhado ao IML da cidade de Campina Grande para as\nprovid\u00eancias cab\u00edveis.<\/p>\n","protected":false},"excerpt":{"rendered":"<p>Por volta das 22h30min do dia 25\/02\/2020, a pol\u00edcia recebeu uma informa\u00e7\u00e3o de que na PB 224, entre S\u00e3o Jo\u00e3o do Tigre e Camala\u00fa, um&hellip; <\/p>\n","protected":false},"author":1,"featured_media":155322,"comment_status":"closed","ping_status":"closed","sticky":false,"template":"","format":"standard","meta":{"sfsi_plus_gutenberg_text_before_share":"","sfsi_plus_gutenberg_show_text_before_share":"","sfsi_plus_gutenberg_icon_type":"","sfsi_plus_gutenberg_icon_alignemt":"","sfsi_plus_gutenburg_max_per_row":"","footnotes":""},"categories":[50,12],"tags":[],"class_list":["post-155321","post","type-post","status-publish","format-standard","has-post-thumbnail","hentry","category-destaque","category-policia"],"_links":{"self":[{"href":"https:\/\/www.caririemacao.com\/1\/wp-json\/wp\/v2\/posts\/155321","targetHints":{"allow":["GET"]}}],"collection":[{"href":"https:\/\/www.caririemacao.com\/1\/wp-json\/wp\/v2\/posts"}],"about":[{"href":"https:\/\/www.caririemacao.com\/1\/wp-json\/wp\/v2\/types\/post"}],"author":[{"embeddable":true,"href":"https:\/\/www.caririemacao.com\/1\/wp-json\/wp\/v2\/users\/1"}],"replies":[{"embeddable":true,"href":"https:\/\/www.caririemacao.com\/1\/wp-json\/wp\/v2\/comments?post=155321"}],"version-history":[{"count":1,"href":"https:\/\/www.caririemacao.com\/1\/wp-json\/wp\/v2\/posts\/155321\/revisions"}],"predecessor-version":[{"id":155323,"href":"https:\/\/www.caririemacao.com\/1\/wp-json\/wp\/v2\/posts\/155321\/revisions\/155323"}],"wp:featuredmedia":[{"embeddable":true,"href":"https:\/\/www.caririemacao.com\/1\/wp-json\/wp\/v2\/media\/155322"}],"wp:attachment":[{"href":"https:\/\/www.caririemacao.com\/1\/wp-json\/wp\/v2\/media?parent=155321"}],"wp:term":[{"taxonomy":"category","embeddable":true,"href":"https:\/\/www.caririemacao.com\/1\/wp-json\/wp\/v2\/categories?post=155321"},{"taxonomy":"post_tag","embeddable":true,"href":"https:\/\/www.caririemacao.com\/1\/wp-json\/wp\/v2\/tags?post=155321"}],"curies":[{"name":"wp","href":"https:\/\/api.w.org\/{rel}","templated":true}]}}