{"id":155329,"date":"2020-02-26T11:59:28","date_gmt":"2020-02-26T14:59:28","guid":{"rendered":"http:\/\/www.caririemacao.com\/1\/?p=155329"},"modified":"2020-02-26T11:59:30","modified_gmt":"2020-02-26T14:59:30","slug":"paraiba-tem-primeiro-caso-suspeito-de-coronavirus-paciente-esta-internado-no-hospital-clementino-fraga","status":"publish","type":"post","link":"https:\/\/www.caririemacao.com\/1\/2020\/02\/26\/paraiba-tem-primeiro-caso-suspeito-de-coronavirus-paciente-esta-internado-no-hospital-clementino-fraga\/","title":{"rendered":"Para\u00edba tem primeiro caso suspeito de coronav\u00edrus; paciente est\u00e1 internado no Hospital Clementino Fraga"},"content":{"rendered":"\n<p>A Secretaria de Estado da Sa\u00fade (SES-PB) informa que foi notificado nesta ter\u00e7a-feira (25\/02) o primeiro caso suspeito para o novo Coronav\u00edrus na Para\u00edba. Trata-se de um Homem de 59 anos, com hist\u00f3rico de viagem \u00e0 It\u00e1lia entre 14 e 23\/02, chegando ao Brasil na segunda, 24\/02, em v\u00f4o internacional com destino a Recife \u2013 PE. Ainda durante a viagem o homem, que reside em Jo\u00e3o Pessoa, apresentou sintomas como tosse, febre e coriza.<\/p>\n\n\n\n<p>O homem buscou o atendimento m\u00e9dico por conta pr\u00f3pria, acompanhado por familiares, foi realizado atendimento assistencial, coleta para exame e realizada notifica\u00e7\u00e3o para o Minist\u00e9rio da Sa\u00fade para defini\u00e7\u00e3o de caso. O Paciente segue internado no Hospital Clementino Fraga, uma das unidades de refer\u00eancia para atendimento de casos suspeitos de Coranav\u00edrus e sendo tratado para S\u00edndrome Respirat\u00f3ria Aguda Grave (SRAG), como determina o protocolo do Minist\u00e9rio da Sa\u00fade, enquanto aguarda confirma\u00e7\u00e3o ou descarte de caso. Outras informa\u00e7\u00f5es sobre seu estado de sa\u00fade ser\u00e3o divulgados em breve.<\/p>\n\n\n\n<p>Em paralelo ao acolhimento do paciente no Clementino Fraga, a SES-PB juntamente com a Vigil\u00e2ncia municipal, j\u00e1 deu in\u00edcio \u00e0s primeiras medidas de vigil\u00e2ncia, conforme estabelecido previamente no Fluxo Estadual para Caso Suspeito.<\/p>\n\n\n\n<p>Importante destacar que a Para\u00edba possui um plano estadual para notifica\u00e7\u00e3o e assist\u00eancia para o novo Coronav\u00edrus, elaborado desde o fim de Janeiro e amplamente divulgado entre profissionais de sa\u00fade da rede p\u00fablica e privada de todo o estado. Al\u00e9m do Hospital Clementino Fraga, em Jo\u00e3o Pessoa, o Hospital Universit\u00e1rio Lauro Wanderley tamb\u00e9m \u00e9 unidade de atendimento para casos suspeitos para o novo Coronav\u00edrus na Para\u00edba, sendo este \u00faltimo para pacientes da pediatria.<\/p>\n\n\n\n<p><em>Secom PB<\/em><\/p>\n","protected":false},"excerpt":{"rendered":"<p>A Secretaria de Estado da Sa\u00fade (SES-PB) informa que foi notificado nesta ter\u00e7a-feira (25\/02) o primeiro caso suspeito para o novo Coronav\u00edrus na Para\u00edba. Trata-se&hellip; <\/p>\n","protected":false},"author":2,"featured_media":155330,"comment_status":"closed","ping_status":"closed","sticky":false,"template":"","format":"standard","meta":{"sfsi_plus_gutenberg_text_before_share":"","sfsi_plus_gutenberg_show_text_before_share":"","sfsi_plus_gutenberg_icon_type":"","sfsi_plus_gutenberg_icon_alignemt":"","sfsi_plus_gutenburg_max_per_row":"","footnotes":""},"categories":[50,16],"tags":[],"class_list":["post-155329","post","type-post","status-publish","format-standard","has-post-thumbnail","hentry","category-destaque","category-saude"],"_links":{"self":[{"href":"https:\/\/www.caririemacao.com\/1\/wp-json\/wp\/v2\/posts\/155329","targetHints":{"allow":["GET"]}}],"collection":[{"href":"https:\/\/www.caririemacao.com\/1\/wp-json\/wp\/v2\/posts"}],"about":[{"href":"https:\/\/www.caririemacao.com\/1\/wp-json\/wp\/v2\/types\/post"}],"author":[{"embeddable":true,"href":"https:\/\/www.caririemacao.com\/1\/wp-json\/wp\/v2\/users\/2"}],"replies":[{"embeddable":true,"href":"https:\/\/www.caririemacao.com\/1\/wp-json\/wp\/v2\/comments?post=155329"}],"version-history":[{"count":1,"href":"https:\/\/www.caririemacao.com\/1\/wp-json\/wp\/v2\/posts\/155329\/revisions"}],"predecessor-version":[{"id":155331,"href":"https:\/\/www.caririemacao.com\/1\/wp-json\/wp\/v2\/posts\/155329\/revisions\/155331"}],"wp:featuredmedia":[{"embeddable":true,"href":"https:\/\/www.caririemacao.com\/1\/wp-json\/wp\/v2\/media\/155330"}],"wp:attachment":[{"href":"https:\/\/www.caririemacao.com\/1\/wp-json\/wp\/v2\/media?parent=155329"}],"wp:term":[{"taxonomy":"category","embeddable":true,"href":"https:\/\/www.caririemacao.com\/1\/wp-json\/wp\/v2\/categories?post=155329"},{"taxonomy":"post_tag","embeddable":true,"href":"https:\/\/www.caririemacao.com\/1\/wp-json\/wp\/v2\/tags?post=155329"}],"curies":[{"name":"wp","href":"https:\/\/api.w.org\/{rel}","templated":true}]}}