{"id":155335,"date":"2020-02-26T12:11:15","date_gmt":"2020-02-26T15:11:15","guid":{"rendered":"http:\/\/www.caririemacao.com\/1\/?p=155335"},"modified":"2020-02-26T12:11:16","modified_gmt":"2020-02-26T15:11:16","slug":"resultado-do-exame-para-confirmar-coronavirus-em-paciente-da-paraiba-sai-em-48-horas","status":"publish","type":"post","link":"https:\/\/www.caririemacao.com\/1\/2020\/02\/26\/resultado-do-exame-para-confirmar-coronavirus-em-paciente-da-paraiba-sai-em-48-horas\/","title":{"rendered":"Resultado do exame para confirmar Coronav\u00edrus em paciente da Para\u00edba sai em 48 horas"},"content":{"rendered":"\n<p>A Para\u00edba ter\u00e1 em 48 horas a confirma\u00e7\u00e3o se o novo Coronav\u00edrus, o Covid-19, chegou ao estado. Este \u00e9 o prazo para que saia o resultado do exame do&nbsp;<a href=\"https:\/\/www.clickpb.com.br\/paraiba\/paraiba-tem-primeiro-caso-suspeito-de-coronavirus-paciente-esta-internado-no-hospital-clementino-fraga-278665.html\">paciente de 59 anos que est\u00e1 internado no Hospital Clementino Fraga<\/a>, em Jo\u00e3o Pessoa, com suspeita da doen\u00e7a. As informa\u00e7\u00f5es foram obtidas pelo ClickPB com o secret\u00e1rio de Estado da Sa\u00fade, Geraldo Medeiros.<\/p>\n\n\n\n<p>O homem, que foi internado nessa ter\u00e7a-feira (25), chegou da It\u00e1lia na segunda-feira (24), de uma regi\u00e3o que registrou diversos casos do novo v\u00edrus. O primeiro caso da nova doen\u00e7a confirmado no Brasil, inclusive, foi em um paciente que veio da It\u00e1lia e est\u00e1 internado no hospital Albert Einstein, em S\u00e3o Paulo.<\/p>\n\n\n\n<p>De acordo com Geraldo Medeiros, radiografias realizadas no paciente do Clementino Fraga apontam pneumonia e o caso foi considerado suspeito porque o paciente come\u00e7ou a sentir os primeiros sintomas da doen\u00e7a durante o per\u00edodo em que estava na It\u00e1lia.<\/p>\n","protected":false},"excerpt":{"rendered":"<p>A Para\u00edba ter\u00e1 em 48 horas a confirma\u00e7\u00e3o se o novo Coronav\u00edrus, o Covid-19, chegou ao estado. Este \u00e9 o prazo para que saia o&hellip; <\/p>\n","protected":false},"author":2,"featured_media":155336,"comment_status":"closed","ping_status":"closed","sticky":false,"template":"","format":"standard","meta":{"sfsi_plus_gutenberg_text_before_share":"","sfsi_plus_gutenberg_show_text_before_share":"","sfsi_plus_gutenberg_icon_type":"","sfsi_plus_gutenberg_icon_alignemt":"","sfsi_plus_gutenburg_max_per_row":"","footnotes":""},"categories":[50,2],"tags":[],"class_list":["post-155335","post","type-post","status-publish","format-standard","has-post-thumbnail","hentry","category-destaque","category-geral"],"_links":{"self":[{"href":"https:\/\/www.caririemacao.com\/1\/wp-json\/wp\/v2\/posts\/155335","targetHints":{"allow":["GET"]}}],"collection":[{"href":"https:\/\/www.caririemacao.com\/1\/wp-json\/wp\/v2\/posts"}],"about":[{"href":"https:\/\/www.caririemacao.com\/1\/wp-json\/wp\/v2\/types\/post"}],"author":[{"embeddable":true,"href":"https:\/\/www.caririemacao.com\/1\/wp-json\/wp\/v2\/users\/2"}],"replies":[{"embeddable":true,"href":"https:\/\/www.caririemacao.com\/1\/wp-json\/wp\/v2\/comments?post=155335"}],"version-history":[{"count":1,"href":"https:\/\/www.caririemacao.com\/1\/wp-json\/wp\/v2\/posts\/155335\/revisions"}],"predecessor-version":[{"id":155337,"href":"https:\/\/www.caririemacao.com\/1\/wp-json\/wp\/v2\/posts\/155335\/revisions\/155337"}],"wp:featuredmedia":[{"embeddable":true,"href":"https:\/\/www.caririemacao.com\/1\/wp-json\/wp\/v2\/media\/155336"}],"wp:attachment":[{"href":"https:\/\/www.caririemacao.com\/1\/wp-json\/wp\/v2\/media?parent=155335"}],"wp:term":[{"taxonomy":"category","embeddable":true,"href":"https:\/\/www.caririemacao.com\/1\/wp-json\/wp\/v2\/categories?post=155335"},{"taxonomy":"post_tag","embeddable":true,"href":"https:\/\/www.caririemacao.com\/1\/wp-json\/wp\/v2\/tags?post=155335"}],"curies":[{"name":"wp","href":"https:\/\/api.w.org\/{rel}","templated":true}]}}