{"id":155345,"date":"2020-02-27T06:22:12","date_gmt":"2020-02-27T09:22:12","guid":{"rendered":"http:\/\/www.caririemacao.com\/1\/?p=155345"},"modified":"2020-02-27T06:22:15","modified_gmt":"2020-02-27T09:22:15","slug":"atleta-natural-de-serra-branca-e-convocado-para-selecao-brasileira-sub-16","status":"publish","type":"post","link":"https:\/\/www.caririemacao.com\/1\/2020\/02\/27\/atleta-natural-de-serra-branca-e-convocado-para-selecao-brasileira-sub-16\/","title":{"rendered":"Atleta natural de Serra Branca \u00e9 convocado para sele\u00e7\u00e3o brasileira sub-16"},"content":{"rendered":"\n<p>O jovem Rafael Lima Buss, 15 anos, natural da cidade de Serra Branca, Cariri paraibano, foi um dos convocados para a Sele\u00e7\u00e3o Brasileira Sub-16 nessa \u00faltima ter\u00e7a-feira (25). O jogador, que atua nas categorias de base do Gr\u00eamio de Porto Alegre, recebeu a not\u00edcia da sua primeira convoca\u00e7\u00e3o com muita alegria.<\/p>\n\n\n\n<p>O t\u00e9cnico das sele\u00e7\u00f5es formadas por jogadores nascidos em anos \u00edmpares, Dudu Patetuci, convocou 26 atletas para per\u00edodo de observa\u00e7\u00e3o e treinamentos na Granja Comary no pr\u00f3ximo m\u00eas de mar\u00e7o.<\/p>\n\n\n\n<p>A lista, de jogadores nascidos em 2005, re\u00fane jovens talentos de clubes brasileiros e marca a primeira convoca\u00e7\u00e3o de 2020 para os nomes que poder\u00e3o figurar na Sele\u00e7\u00e3o Sub-17.<\/p>\n\n\n\n<p>Os atletas se apresentam no dia 10 de mar\u00e7o e seguir\u00e3o trabalhando no Centro de Treinamentos da Sele\u00e7\u00e3o Brasileira, em Teres\u00f3polis, at\u00e9 o dia 19 de mar\u00e7o.<\/p>\n\n\n\n<div class=\"wp-block-image\"><figure class=\"alignright\"><img decoding=\"async\" data-src=\"http:\/\/deolhonocariri.com.br\/wp-content\/uploads\/2020\/02\/87376142_778916362599874_6861268769994440704_n.jpg\" alt=\"\" class=\"wp-image-78444 lazyload\" src=\"data:image\/svg+xml;base64,PHN2ZyB3aWR0aD0iMSIgaGVpZ2h0PSIxIiB4bWxucz0iaHR0cDovL3d3dy53My5vcmcvMjAwMC9zdmciPjwvc3ZnPg==\" \/><\/figure><\/div>\n\n\n\n<p>Zagueiro de of\u00edcio, a jovem promessa que atua nas categorias de base do Gr\u00eamio j\u00e1 a 02 anos e vem se configurando com um das principais revela\u00e7\u00f5es do tricolor ga\u00facho, promete agarrar a oportunidade e assegurar a sua vaga para as pr\u00f3ximas convoca\u00e7\u00f5es e se consolidar na defesa brasileira.<\/p>\n\n\n\n<p>A fam\u00edlia de Rafael Lima, recebeu a not\u00edcia com alegria. Segundo a m\u00e3e do atleta, a serra-branquense \u00c2ngela, a convoca\u00e7\u00e3o \u00e9 a realiza\u00e7\u00e3o de um sonho. \u201c\u00c9 uma felicidade imensa. Para ser muito sincera, at\u00e9 agora a ficha n\u00e3o caiu. \u00c9 uma coisa dif\u00edcil de acreditar. A gente sabe do potencial dele e a gente sonha sempre mas a concorr\u00eancia \u00e9 grande, tem muita gente boa tentando tamb\u00e9m. \u00c9 um sonho que se torna realidade\u201d, Disse a m\u00e3e.<\/p>\n\n\n\n<p>Atualmente os pais de Rafael Lima, Sigmar e \u00c2ngela, residem no Rio de Janeiro e transmitiram a alegria para os familiares e colegas no estado do Espirito do Santo e Para\u00edba, respectivos estados na qual os pais s\u00e3o naturais.<\/p>\n\n\n\n<div class=\"wp-block-image\"><figure class=\"aligncenter\"><img decoding=\"async\" data-src=\"http:\/\/deolhonocariri.com.br\/wp-content\/uploads\/2020\/02\/87396880_885700235228282_4228046053351358464_n.jpg\" alt=\"\" class=\"wp-image-78443 lazyload\" src=\"data:image\/svg+xml;base64,PHN2ZyB3aWR0aD0iMSIgaGVpZ2h0PSIxIiB4bWxucz0iaHR0cDovL3d3dy53My5vcmcvMjAwMC9zdmciPjwvc3ZnPg==\" \/><\/figure><\/div>\n\n\n\n<p>Recentemente Rafael Lima esteve em Serra Branca com seus pais curtindo as f\u00e9rias. Na sua visita em Serra Branca Rafael foi apresentado ao professor galeguinho onde se conheceram por interm\u00e9dio do comunicador esportivo Edilmo Lima e ele j\u00e1 falava da expectativa para chegar a integrar a sele\u00e7\u00e3o brasileira e frisou que era um sonho.<\/p>\n\n\n\n<p>O serra-branquense Rafael Lima se apresentar\u00e1 na Granja Comary no dia 10 de mar\u00e7o e integrar\u00e1 juntamente com todo os demais atletas que foram convocados. Al\u00e9m de Rafael, mais dois atletas do Gr\u00eamio foram convocados.<\/p>\n\n\n\n<p><em>Com Cariri Esporte<\/em><\/p>\n","protected":false},"excerpt":{"rendered":"<p>O jovem Rafael Lima Buss, 15 anos, natural da cidade de Serra Branca, Cariri paraibano, foi um dos convocados para a Sele\u00e7\u00e3o Brasileira Sub-16 nessa&hellip; <\/p>\n","protected":false},"author":2,"featured_media":155346,"comment_status":"closed","ping_status":"closed","sticky":false,"template":"","format":"standard","meta":{"sfsi_plus_gutenberg_text_before_share":"","sfsi_plus_gutenberg_show_text_before_share":"","sfsi_plus_gutenberg_icon_type":"","sfsi_plus_gutenberg_icon_alignemt":"","sfsi_plus_gutenburg_max_per_row":"","footnotes":""},"categories":[2],"tags":[],"class_list":["post-155345","post","type-post","status-publish","format-standard","has-post-thumbnail","hentry","category-geral"],"_links":{"self":[{"href":"https:\/\/www.caririemacao.com\/1\/wp-json\/wp\/v2\/posts\/155345","targetHints":{"allow":["GET"]}}],"collection":[{"href":"https:\/\/www.caririemacao.com\/1\/wp-json\/wp\/v2\/posts"}],"about":[{"href":"https:\/\/www.caririemacao.com\/1\/wp-json\/wp\/v2\/types\/post"}],"author":[{"embeddable":true,"href":"https:\/\/www.caririemacao.com\/1\/wp-json\/wp\/v2\/users\/2"}],"replies":[{"embeddable":true,"href":"https:\/\/www.caririemacao.com\/1\/wp-json\/wp\/v2\/comments?post=155345"}],"version-history":[{"count":1,"href":"https:\/\/www.caririemacao.com\/1\/wp-json\/wp\/v2\/posts\/155345\/revisions"}],"predecessor-version":[{"id":155347,"href":"https:\/\/www.caririemacao.com\/1\/wp-json\/wp\/v2\/posts\/155345\/revisions\/155347"}],"wp:featuredmedia":[{"embeddable":true,"href":"https:\/\/www.caririemacao.com\/1\/wp-json\/wp\/v2\/media\/155346"}],"wp:attachment":[{"href":"https:\/\/www.caririemacao.com\/1\/wp-json\/wp\/v2\/media?parent=155345"}],"wp:term":[{"taxonomy":"category","embeddable":true,"href":"https:\/\/www.caririemacao.com\/1\/wp-json\/wp\/v2\/categories?post=155345"},{"taxonomy":"post_tag","embeddable":true,"href":"https:\/\/www.caririemacao.com\/1\/wp-json\/wp\/v2\/tags?post=155345"}],"curies":[{"name":"wp","href":"https:\/\/api.w.org\/{rel}","templated":true}]}}