{"id":155354,"date":"2020-02-27T06:30:06","date_gmt":"2020-02-27T09:30:06","guid":{"rendered":"http:\/\/www.caririemacao.com\/1\/?p=155354"},"modified":"2020-02-27T06:30:09","modified_gmt":"2020-02-27T09:30:09","slug":"decano-do-supremo-bolsonaro-nao-esta-a-altura-do-cargo","status":"publish","type":"post","link":"https:\/\/www.caririemacao.com\/1\/2020\/02\/27\/decano-do-supremo-bolsonaro-nao-esta-a-altura-do-cargo\/","title":{"rendered":"Decano do Supremo: \u201cBolsonaro n\u00e3o est\u00e1 \u00e0 altura do cargo\u201d"},"content":{"rendered":"\n<p>&nbsp;O ministro Celso de Mello, do STF (Supremo Tribunal Federal), reagiu \u00e0&nbsp;<a href=\"https:\/\/paraibaonline.com.br\/2020\/02\/bolsonaro-apoia-ato-de-grupos-autoritarios-em-defesa-dos-militares-e-do-governo\/\">iniciativa do presidente Jair Bolsonaro<\/a>&nbsp;de compartilhar em grupos de WhatsApp v\u00eddeos que convocam manifesta\u00e7\u00f5es para o pr\u00f3ximo dia 15 a seu favor e contra a corte e o Congresso.<\/p>\n\n\n\n<p>Segundo o decano do STF, a iniciativa, \u201cse confirmada\u201d, revela \u201ca face sombria de um presidente da Rep\u00fablica que desconhece o valor da ordem constitucional, que ignora o sentido fundamental da separa\u00e7\u00e3o de Poderes, que demonstra uma vis\u00e3o indigna de quem n\u00e3o est\u00e1 \u00e0 altura do alt\u00edssimo cargo que exerce e cujo ato de inequ\u00edvoca hostilidade aos demais Poderes da Rep\u00fablica traduz gesto de ominoso desapre\u00e7o e de inaceit\u00e1vel degrada\u00e7\u00e3o do princ\u00edpio democr\u00e1tico!!!\u201d.<\/p>\n\n\n\n<p>O ministro enviou a mensagem por escrito \u00e0 reportagem. No texto, Celso de Mello afirma ainda: \u201cO presidente da Rep\u00fablica, qualquer que ele seja, embora possa muito, n\u00e3o pode tudo, pois lhe \u00e9 vedado, sob pena de incidir em crime de responsabilidade, transgredir a supremacia pol\u00edtico-jur\u00eddica da Constitui\u00e7\u00e3o e das leis da Rep\u00fablica\u201d. Os crimes de responsabilidade s\u00e3o pass\u00edveis de pena de perda do cargo -ou seja, de impeachment.<\/p>\n","protected":false},"excerpt":{"rendered":"<p>&nbsp;O ministro Celso de Mello, do STF (Supremo Tribunal Federal), reagiu \u00e0&nbsp;iniciativa do presidente Jair Bolsonaro&nbsp;de compartilhar em grupos de WhatsApp v\u00eddeos que convocam manifesta\u00e7\u00f5es&hellip; <\/p>\n","protected":false},"author":2,"featured_media":155355,"comment_status":"closed","ping_status":"closed","sticky":false,"template":"","format":"standard","meta":{"sfsi_plus_gutenberg_text_before_share":"","sfsi_plus_gutenberg_show_text_before_share":"","sfsi_plus_gutenberg_icon_type":"","sfsi_plus_gutenberg_icon_alignemt":"","sfsi_plus_gutenburg_max_per_row":"","footnotes":""},"categories":[11],"tags":[],"class_list":["post-155354","post","type-post","status-publish","format-standard","has-post-thumbnail","hentry","category-politica"],"_links":{"self":[{"href":"https:\/\/www.caririemacao.com\/1\/wp-json\/wp\/v2\/posts\/155354","targetHints":{"allow":["GET"]}}],"collection":[{"href":"https:\/\/www.caririemacao.com\/1\/wp-json\/wp\/v2\/posts"}],"about":[{"href":"https:\/\/www.caririemacao.com\/1\/wp-json\/wp\/v2\/types\/post"}],"author":[{"embeddable":true,"href":"https:\/\/www.caririemacao.com\/1\/wp-json\/wp\/v2\/users\/2"}],"replies":[{"embeddable":true,"href":"https:\/\/www.caririemacao.com\/1\/wp-json\/wp\/v2\/comments?post=155354"}],"version-history":[{"count":1,"href":"https:\/\/www.caririemacao.com\/1\/wp-json\/wp\/v2\/posts\/155354\/revisions"}],"predecessor-version":[{"id":155356,"href":"https:\/\/www.caririemacao.com\/1\/wp-json\/wp\/v2\/posts\/155354\/revisions\/155356"}],"wp:featuredmedia":[{"embeddable":true,"href":"https:\/\/www.caririemacao.com\/1\/wp-json\/wp\/v2\/media\/155355"}],"wp:attachment":[{"href":"https:\/\/www.caririemacao.com\/1\/wp-json\/wp\/v2\/media?parent=155354"}],"wp:term":[{"taxonomy":"category","embeddable":true,"href":"https:\/\/www.caririemacao.com\/1\/wp-json\/wp\/v2\/categories?post=155354"},{"taxonomy":"post_tag","embeddable":true,"href":"https:\/\/www.caririemacao.com\/1\/wp-json\/wp\/v2\/tags?post=155354"}],"curies":[{"name":"wp","href":"https:\/\/api.w.org\/{rel}","templated":true}]}}