{"id":155358,"date":"2020-02-27T06:35:49","date_gmt":"2020-02-27T09:35:49","guid":{"rendered":"http:\/\/www.caririemacao.com\/1\/?p=155358"},"modified":"2020-02-27T06:35:50","modified_gmt":"2020-02-27T09:35:50","slug":"fibromialgia-atinge-9-mulheres-a-cada-homem-gatilho-pode-ser-o-estresse","status":"publish","type":"post","link":"https:\/\/www.caririemacao.com\/1\/2020\/02\/27\/fibromialgia-atinge-9-mulheres-a-cada-homem-gatilho-pode-ser-o-estresse\/","title":{"rendered":"Fibromialgia atinge 9 mulheres a cada homem; gatilho pode ser o estresse"},"content":{"rendered":"\n<p>or difusa, fadiga, altera\u00e7\u00f5es do sono, dor de cabe\u00e7a, humor deprimido, perda ou diminui\u00e7\u00e3o da for\u00e7a f\u00edsica, irritabilidade, dificuldade de concentra\u00e7\u00e3o. Estes sintomas podem indicar que o indiv\u00edduo est\u00e1 com fibromialgia, que, segundo a m\u00e9dica reumatologista do Hapvida em Jo\u00e3o Pessoa, Fernanda Tavares, trata-se de uma s\u00edndrome dolorosa cr\u00f4nica que atinge mais mulheres que homens e que pode ter como gatilho fatores ligados ao estresse.<\/p>\n\n\n\n<p>O transtorno est\u00e1 presente em 2,5% da popula\u00e7\u00e3o brasileira, segundo dados da Sociedade Brasileira de Estudo da Dor (SBED). Famosos como a cantora Lady Gaga, o ator Morgan Freeman, a pintora Frida Kahlo, a cantora irlandesa Sinead O\u00b4Connor, a atriz brasileira Dani Valente, entre outras celebridades, sofrem da doen\u00e7a.<\/p>\n\n\n\n<p>\u201cA fibromialgia acomete cerca de nove mulheres para cada homem. Isso porque as mulheres apresentam mais altera\u00e7\u00f5es nas vias de modula\u00e7\u00e3o da dor, por isso podem ter mais amplifica\u00e7\u00e3o do est\u00edmulo. Mas estudos sobre este aspecto ainda est\u00e3o sendo realizados\u201d, explica a m\u00e9dica.<\/p>\n\n\n\n<figure class=\"wp-block-image\"><img decoding=\"async\" data-src=\"https:\/\/paraibaonline.com.br\/wp-content\/uploads\/2020\/02\/fibromialgia2602-1.jpg\" alt=\"Foto ilustrativa: Reprodu\u00e7\u00e3o\" class=\"wp-image-839607 lazyload\" src=\"data:image\/svg+xml;base64,PHN2ZyB3aWR0aD0iMSIgaGVpZ2h0PSIxIiB4bWxucz0iaHR0cDovL3d3dy53My5vcmcvMjAwMC9zdmciPjwvc3ZnPg==\" \/><\/figure>\n\n\n\n<p>Foto ilustrativa: Reprodu\u00e7\u00e3o<\/p>\n\n\n\n<p>A especialista explica que o diagn\u00f3stico da doen\u00e7a \u00e9 eminentemente cl\u00ednico, n\u00e3o havendo a necessidade de exames complementares que favore\u00e7am o diagn\u00f3stico. \u201cDeve-se incluir, na investiga\u00e7\u00e3o, os seguintes aspectos: dor cr\u00f4nica difusa, pontos dolorosos espec\u00edficos, dist\u00farbios do sono e cognitivos. Nosso desafio \u00e9 excluir outras causas de dor cr\u00f4nica, como acontece em algumas doen\u00e7as auto-imunes e auto-inflamat\u00f3rias. Este dado n\u00e3o exclui que haja duas doen\u00e7as concomitantes\u201d, destaca.<\/p>\n\n\n\n<p>A m\u00e9dica ressalta que fibromialgia \u00e9 decorrente de uma resposta anormal e inadequada do sistema nervoso central aos est\u00edmulos perif\u00e9ricos em decorr\u00eancia de uma hiperexcitabilidade neuronal, causando, no caso da fibromialgia, dor inadequadamente amplificada. Desta forma, o indiv\u00edduo tem uma resposta aumentada aos est\u00edmulos externos. Podendo existir influ\u00eancia gen\u00e9tica e ambiental.<\/p>\n\n\n\n<p>Fernanda Tavares lembra que a fibromialgia pode ter como gatilho fatores de estresse. \u201cDepress\u00e3o, ansiedade, altera\u00e7\u00f5es end\u00f3crinas, podem ser um ponto de partida para doen\u00e7a. Boa alimenta\u00e7\u00e3o, qualidade de sono e atividade f\u00edsica regular s\u00e3o cuidados para uma boa sa\u00fade, fazendo assim com que as pessoas possam evitar n\u00e3o s\u00f3 a fibromialgia, mas tamb\u00e9m uma s\u00e9rie de doen\u00e7as\u201d, alerta.<\/p>\n\n\n\n<p>No que diz respeito ao processo de tratamento da fibromialgia, a m\u00e9dica reumatologista, Fernanda Tavares, explica que \u00e9 preciso integrar estrat\u00e9gias que utilizem medicamentos e participa\u00e7\u00e3o ativa da pessoa acometida pela doen\u00e7a. \u201cExerc\u00edcios f\u00edsicos regulares principalmente atividade aer\u00f3bica, terapia psicol\u00f3gica e medica\u00e7\u00f5es que devem ser prescritas por profissional especializado. Em rela\u00e7\u00e3o \u00e0 cura, ainda n\u00e3o h\u00e1 estudos que mostrem a cura da doen\u00e7a\u201d, conclui.<\/p>\n","protected":false},"excerpt":{"rendered":"<p>or difusa, fadiga, altera\u00e7\u00f5es do sono, dor de cabe\u00e7a, humor deprimido, perda ou diminui\u00e7\u00e3o da for\u00e7a f\u00edsica, irritabilidade, dificuldade de concentra\u00e7\u00e3o. Estes sintomas podem indicar&hellip; <\/p>\n","protected":false},"author":2,"featured_media":155359,"comment_status":"closed","ping_status":"closed","sticky":false,"template":"","format":"standard","meta":{"sfsi_plus_gutenberg_text_before_share":"","sfsi_plus_gutenberg_show_text_before_share":"","sfsi_plus_gutenberg_icon_type":"","sfsi_plus_gutenberg_icon_alignemt":"","sfsi_plus_gutenburg_max_per_row":"","footnotes":""},"categories":[2],"tags":[],"class_list":["post-155358","post","type-post","status-publish","format-standard","has-post-thumbnail","hentry","category-geral"],"_links":{"self":[{"href":"https:\/\/www.caririemacao.com\/1\/wp-json\/wp\/v2\/posts\/155358","targetHints":{"allow":["GET"]}}],"collection":[{"href":"https:\/\/www.caririemacao.com\/1\/wp-json\/wp\/v2\/posts"}],"about":[{"href":"https:\/\/www.caririemacao.com\/1\/wp-json\/wp\/v2\/types\/post"}],"author":[{"embeddable":true,"href":"https:\/\/www.caririemacao.com\/1\/wp-json\/wp\/v2\/users\/2"}],"replies":[{"embeddable":true,"href":"https:\/\/www.caririemacao.com\/1\/wp-json\/wp\/v2\/comments?post=155358"}],"version-history":[{"count":1,"href":"https:\/\/www.caririemacao.com\/1\/wp-json\/wp\/v2\/posts\/155358\/revisions"}],"predecessor-version":[{"id":155360,"href":"https:\/\/www.caririemacao.com\/1\/wp-json\/wp\/v2\/posts\/155358\/revisions\/155360"}],"wp:featuredmedia":[{"embeddable":true,"href":"https:\/\/www.caririemacao.com\/1\/wp-json\/wp\/v2\/media\/155359"}],"wp:attachment":[{"href":"https:\/\/www.caririemacao.com\/1\/wp-json\/wp\/v2\/media?parent=155358"}],"wp:term":[{"taxonomy":"category","embeddable":true,"href":"https:\/\/www.caririemacao.com\/1\/wp-json\/wp\/v2\/categories?post=155358"},{"taxonomy":"post_tag","embeddable":true,"href":"https:\/\/www.caririemacao.com\/1\/wp-json\/wp\/v2\/tags?post=155358"}],"curies":[{"name":"wp","href":"https:\/\/api.w.org\/{rel}","templated":true}]}}