{"id":155362,"date":"2020-02-27T06:47:12","date_gmt":"2020-02-27T09:47:12","guid":{"rendered":"http:\/\/www.caririemacao.com\/1\/?p=155362"},"modified":"2020-02-27T06:47:14","modified_gmt":"2020-02-27T09:47:14","slug":"medica-explica-como-evitar-que-bebes-fiquem-doentes-em-mudanca-de-clima","status":"publish","type":"post","link":"https:\/\/www.caririemacao.com\/1\/2020\/02\/27\/medica-explica-como-evitar-que-bebes-fiquem-doentes-em-mudanca-de-clima\/","title":{"rendered":"M\u00e9dica explica como evitar que beb\u00eas fiquem doentes em mudan\u00e7a de clima"},"content":{"rendered":"\n<p>om a mudan\u00e7a repentina do clima, os beb\u00eas, crian\u00e7as e idosos s\u00e3o os que mais sofrem, devido \u00e0 baixa imunidade. Tosse, espirros, dores no corpo, febre s\u00e3o alguns dos sintomas mais comumente associados a essa \u00e9poca do ano.<\/p>\n\n\n\n<p>Em se falando de beb\u00eas, os cuidados devem ser ainda maiores. A pediatra Socorro Martins, durante entrevista \u00e0 R\u00e1dio Campina FM, deu dicas de como evitar que os pequenos fiquem doentes.<\/p>\n\n\n\n<figure class=\"wp-block-image\"><img decoding=\"async\" data-src=\"https:\/\/paraibaonline.com.br\/wp-content\/uploads\/2020\/02\/bebe2602.jpg\" alt=\"Foto ilustrativa: Reprodu\u00e7\u00e3o\" class=\"wp-image-839617 lazyload\" src=\"data:image\/svg+xml;base64,PHN2ZyB3aWR0aD0iMSIgaGVpZ2h0PSIxIiB4bWxucz0iaHR0cDovL3d3dy53My5vcmcvMjAwMC9zdmciPjwvc3ZnPg==\" \/><\/figure>\n\n\n\n<p>Foto ilustrativa: Reprodu\u00e7\u00e3o<\/p>\n\n\n\n<p>Ela ressaltou a import\u00e2ncia de pais, amigos, familiares se higienizarem antes de pegar na crian\u00e7a de colo. Lavar as m\u00e3os, evitar beijar o rosto e at\u00e9 de entrar dentro de casa com a mesma roupa que estava na rua ou trabalho.<\/p>\n\n\n\n<p>\u2013 Os cuidados s\u00e3o muitos. N\u00e3o expor a crian\u00e7a em ambientes p\u00fablicos, na medida do poss\u00edvel, estar com o calend\u00e1rio vacinal dela em dia. Dar bastante l\u00edquido e se ainda estiver em per\u00edodo de aleitamento materno, sempre garantir a amamenta\u00e7\u00e3o em maior frequ\u00eancia. Viu que o tempo mudou de novo, ent\u00e3o abra as janelas, deixe o ar circular dentro da casa. Quando os pais chegarem do trabalho, deve tomar um banho, trocar a roupa antes de pegar na crian\u00e7a. Muitas vezes, mesmo os pequenos estando o tempo todo dentro de casa, ficam doentes. Parentes e amigos do casal que estejam doentes, evitem de ir visitar os beb\u00eas, pois s\u00e3o alvo f\u00e1ceis de v\u00edrus e bact\u00e9rias \u2013 disse.<\/p>\n\n\n\n<p>A m\u00e9dica destacou a import\u00e2ncia de manter a limpeza e hidrata\u00e7\u00e3o das narinas e m\u00e3os dos beb\u00eas, j\u00e1 que eles sempre as colocam na boca. Evitar que a crian\u00e7a durma com cabelo e corpo molhado e os vestir com roupas adequadas ao clima tamb\u00e9m s\u00e3o formas de prevenir doen\u00e7as.<\/p>\n","protected":false},"excerpt":{"rendered":"<p>om a mudan\u00e7a repentina do clima, os beb\u00eas, crian\u00e7as e idosos s\u00e3o os que mais sofrem, devido \u00e0 baixa imunidade. Tosse, espirros, dores no corpo,&hellip; <\/p>\n","protected":false},"author":2,"featured_media":155363,"comment_status":"closed","ping_status":"closed","sticky":false,"template":"","format":"standard","meta":{"sfsi_plus_gutenberg_text_before_share":"","sfsi_plus_gutenberg_show_text_before_share":"","sfsi_plus_gutenberg_icon_type":"","sfsi_plus_gutenberg_icon_alignemt":"","sfsi_plus_gutenburg_max_per_row":"","footnotes":""},"categories":[16],"tags":[],"class_list":["post-155362","post","type-post","status-publish","format-standard","has-post-thumbnail","hentry","category-saude"],"_links":{"self":[{"href":"https:\/\/www.caririemacao.com\/1\/wp-json\/wp\/v2\/posts\/155362","targetHints":{"allow":["GET"]}}],"collection":[{"href":"https:\/\/www.caririemacao.com\/1\/wp-json\/wp\/v2\/posts"}],"about":[{"href":"https:\/\/www.caririemacao.com\/1\/wp-json\/wp\/v2\/types\/post"}],"author":[{"embeddable":true,"href":"https:\/\/www.caririemacao.com\/1\/wp-json\/wp\/v2\/users\/2"}],"replies":[{"embeddable":true,"href":"https:\/\/www.caririemacao.com\/1\/wp-json\/wp\/v2\/comments?post=155362"}],"version-history":[{"count":1,"href":"https:\/\/www.caririemacao.com\/1\/wp-json\/wp\/v2\/posts\/155362\/revisions"}],"predecessor-version":[{"id":155364,"href":"https:\/\/www.caririemacao.com\/1\/wp-json\/wp\/v2\/posts\/155362\/revisions\/155364"}],"wp:featuredmedia":[{"embeddable":true,"href":"https:\/\/www.caririemacao.com\/1\/wp-json\/wp\/v2\/media\/155363"}],"wp:attachment":[{"href":"https:\/\/www.caririemacao.com\/1\/wp-json\/wp\/v2\/media?parent=155362"}],"wp:term":[{"taxonomy":"category","embeddable":true,"href":"https:\/\/www.caririemacao.com\/1\/wp-json\/wp\/v2\/categories?post=155362"},{"taxonomy":"post_tag","embeddable":true,"href":"https:\/\/www.caririemacao.com\/1\/wp-json\/wp\/v2\/tags?post=155362"}],"curies":[{"name":"wp","href":"https:\/\/api.w.org\/{rel}","templated":true}]}}