{"id":155368,"date":"2020-02-27T06:54:13","date_gmt":"2020-02-27T09:54:13","guid":{"rendered":"http:\/\/www.caririemacao.com\/1\/?p=155368"},"modified":"2020-02-27T06:54:16","modified_gmt":"2020-02-27T09:54:16","slug":"bolsonaro-justifica-compartilhamento-de-video-de-manifestacao-contra-congresso-e-stf-cunho-pessoal","status":"publish","type":"post","link":"https:\/\/www.caririemacao.com\/1\/2020\/02\/27\/bolsonaro-justifica-compartilhamento-de-video-de-manifestacao-contra-congresso-e-stf-cunho-pessoal\/","title":{"rendered":"Bolsonaro justifica compartilhamento de v\u00eddeo de manifesta\u00e7\u00e3o contra Congresso e STF: &#8220;cunho pessoal&#8221;"},"content":{"rendered":"\n<p>O presidente Jair Bolsonaro divulgou, nesta quarta-feira (26), em sua conta no Twitter, o que parece ser uma resposta \u00e0s cr\u00edticas que recebeu por compartilhar um&nbsp;<a href=\"https:\/\/www.clickpb.com.br\/politica\/bolsonaro-divulga-video-sobre-ato-convocado-contra-o-congresso-278645.html\">v\u00eddeo que convoca a popula\u00e7\u00e3o<\/a>&nbsp;para participar de manifesta\u00e7\u00f5es contra o Congresso e o Supremo Tribunal Federal (STF).<\/p>\n\n\n\n<p>&#8220;Tenho 35Mi de seguidores em minhas m\u00eddias sociais, c\/ not\u00edcias n\u00e3o divulgadas por parte da imprensa tradicional. No Whatsapp, algumas dezenas de amigos onde, de forma reservada, trocamos mensagens de cunho pessoal. Qualquer ila\u00e7\u00e3o fora desse contexto s\u00e3o tentativas rasteiras de tumultuar a Rep\u00fablica&#8221;, diz a publica\u00e7\u00e3o.<\/p>\n\n\n\n<p>Pelo texto, Bolsonaro d\u00e1 a entender que realmente compartilhou o v\u00eddeo no Whatsapp, mas apenas em mensagem reservada a amigos.<\/p>\n\n\n\n<figure class=\"wp-block-image\"><img decoding=\"async\" data-src=\"https:\/\/www.clickpb.com.br\/media\/filer_public\/30\/b7\/30b73f7e-735a-4885-acaa-824236e4ea4b\/screenshot_2020-02-26_1_jair_m_bolsonaro__jairbolsonaro_twitter.png\" alt=\"\" src=\"data:image\/svg+xml;base64,PHN2ZyB3aWR0aD0iMSIgaGVpZ2h0PSIxIiB4bWxucz0iaHR0cDovL3d3dy53My5vcmcvMjAwMC9zdmciPjwvc3ZnPg==\" class=\"lazyload\" \/><\/figure>\n","protected":false},"excerpt":{"rendered":"<p>O presidente Jair Bolsonaro divulgou, nesta quarta-feira (26), em sua conta no Twitter, o que parece ser uma resposta \u00e0s cr\u00edticas que recebeu por compartilhar&hellip; <\/p>\n","protected":false},"author":2,"featured_media":155369,"comment_status":"closed","ping_status":"closed","sticky":false,"template":"","format":"standard","meta":{"sfsi_plus_gutenberg_text_before_share":"","sfsi_plus_gutenberg_show_text_before_share":"","sfsi_plus_gutenberg_icon_type":"","sfsi_plus_gutenberg_icon_alignemt":"","sfsi_plus_gutenburg_max_per_row":"","footnotes":""},"categories":[11],"tags":[],"class_list":["post-155368","post","type-post","status-publish","format-standard","has-post-thumbnail","hentry","category-politica"],"_links":{"self":[{"href":"https:\/\/www.caririemacao.com\/1\/wp-json\/wp\/v2\/posts\/155368","targetHints":{"allow":["GET"]}}],"collection":[{"href":"https:\/\/www.caririemacao.com\/1\/wp-json\/wp\/v2\/posts"}],"about":[{"href":"https:\/\/www.caririemacao.com\/1\/wp-json\/wp\/v2\/types\/post"}],"author":[{"embeddable":true,"href":"https:\/\/www.caririemacao.com\/1\/wp-json\/wp\/v2\/users\/2"}],"replies":[{"embeddable":true,"href":"https:\/\/www.caririemacao.com\/1\/wp-json\/wp\/v2\/comments?post=155368"}],"version-history":[{"count":1,"href":"https:\/\/www.caririemacao.com\/1\/wp-json\/wp\/v2\/posts\/155368\/revisions"}],"predecessor-version":[{"id":155370,"href":"https:\/\/www.caririemacao.com\/1\/wp-json\/wp\/v2\/posts\/155368\/revisions\/155370"}],"wp:featuredmedia":[{"embeddable":true,"href":"https:\/\/www.caririemacao.com\/1\/wp-json\/wp\/v2\/media\/155369"}],"wp:attachment":[{"href":"https:\/\/www.caririemacao.com\/1\/wp-json\/wp\/v2\/media?parent=155368"}],"wp:term":[{"taxonomy":"category","embeddable":true,"href":"https:\/\/www.caririemacao.com\/1\/wp-json\/wp\/v2\/categories?post=155368"},{"taxonomy":"post_tag","embeddable":true,"href":"https:\/\/www.caririemacao.com\/1\/wp-json\/wp\/v2\/tags?post=155368"}],"curies":[{"name":"wp","href":"https:\/\/api.w.org\/{rel}","templated":true}]}}