{"id":155372,"date":"2020-02-27T06:58:54","date_gmt":"2020-02-27T09:58:54","guid":{"rendered":"http:\/\/www.caririemacao.com\/1\/?p=155372"},"modified":"2020-02-27T06:58:56","modified_gmt":"2020-02-27T09:58:56","slug":"botafogo-pb-conta-com-o-retorno-de-titulares-para-enfrentar-o-ceara","status":"publish","type":"post","link":"https:\/\/www.caririemacao.com\/1\/2020\/02\/27\/botafogo-pb-conta-com-o-retorno-de-titulares-para-enfrentar-o-ceara\/","title":{"rendered":"Botafogo-PB conta com o retorno de titulares para enfrentar o Cear\u00e1"},"content":{"rendered":"\n<p> O Botafogo-PB ter\u00e1 um time bem diferente na partida desta quarta-feira pela Copa do Nordeste. \u00c9 que o t\u00e9cnico Evaristo Piza vai contar com o retorno dos titulares que foram poupados da partida contra o CSP, no \u00faltimo s\u00e1bado, pelo Campeonato Paraibano. O treinador, no entanto, tem uma d\u00favida: se mant\u00e9m o esquema 4-3-3 ou se refor\u00e7a o meio-campo com a entrada de mais um volante.<\/p>\n\n\n\n<p>A op\u00e7\u00e3o surgiu depois que Pimentinha sentiu uma les\u00e3o na coxa, no treino de segunda-feira. A inten\u00e7\u00e3o de Piza era manter o ataque com dois extremos (Pimentinha e Dico), e um jogador de refer\u00eancia (Lohan). Como tamb\u00e9m n\u00e3o tem Kelvin, outro jogador de beirada, surgiu a possibilidade de colocar mais um volante no time (Juninho ou Wellington Cesar). A outra op\u00e7\u00e3o seria colocar mais um meia de liga\u00e7\u00e3o \u2013 que poderia ser C\u00e1ssio Gabriel ou Erivelton.<\/p>\n\n\n\n<p>Seja qual for a escala\u00e7\u00e3o, o certo \u00e9 que o argentino Lucas Sim\u00f3n deve ganhar mais oportunidades. Ele foi muito elogiado por Piza na partida contra o CSP e a expectativa \u00e9 que ele tamb\u00e9m entre contra o Cear\u00e1. A princ\u00edpio, o atacante fica como op\u00e7\u00e3o no banco de reservas.<\/p>\n\n\n\n<p>De volta ao time, Rodrigo Andrade falou sobre a import\u00e2ncia do grupo conquistar um triunfo diante do Voz\u00e3o.<br>\u2013 Vamos enfrentar uma grande equipe, de S\u00e9rie A, que dispensa coment\u00e1rios. Temos que ter o m\u00e1ximo de aten\u00e7\u00e3o e intensidade durante os noventa minutos para sairmos com um grande resultado do Castel\u00e3o. Sabemos das dificuldades de se jogar l\u00e1, mas estamos preparados e queremos pontuar \u2013 afirmou.<\/p>\n\n\n\n<p><strong>M\u00e9dico explica aus\u00eancias<\/strong><\/p>\n\n\n\n<p>Al\u00e9m de Pimentinha e Kelvin, o Botafogo-PB tem outros dois desfalques para a partida contra o Cear\u00e1. S\u00e3o os meias Marcos Aur\u00e9lio e Enercino. O m\u00e9dico Glauber Novaes explicou a situa\u00e7\u00e3o de todos os jogadores. Sobre Pimentinha, ele disse que o caso \u00e9 mais de precau\u00e7\u00e3o.<\/p>\n\n\n\n<p>\u2013 O Pimentinha sentiu um desconforto muscular depois do treino de segunda-feira e por isso ele n\u00e3o foi relacionado para o jogo contra o Cear\u00e1. Ele j\u00e1 iniciou o tratamento no CT e agora vamos aguardar a evolu\u00e7\u00e3o de seu quadro cl\u00ednico.<\/p>\n\n\n\n<p>Quem deve voltar nos pr\u00f3ximos dias \u00e9 o meia Marcos Vin\u00edcius, que j\u00e1 se encontra integrado ao elenco no per\u00edodo de transi\u00e7\u00e3o.<\/p>\n\n\n\n<p>\u2013 Ele est\u00e1 liberado para trabalho de campo e em fase final de recupera\u00e7\u00e3o \u2013 explicou Glauber Novaes.<\/p>\n\n\n\n<p>Em rela\u00e7\u00e3o a Enercino e Kelvin o m\u00e9dico apenas disse que eles continuam no DM e sem previs\u00e3o de serem liberados para as atividades com o restante do elenco.<\/p>\n","protected":false},"excerpt":{"rendered":"<p>O Botafogo-PB ter\u00e1 um time bem diferente na partida desta quarta-feira pela Copa do Nordeste. \u00c9 que o t\u00e9cnico Evaristo Piza vai contar com o&hellip; <\/p>\n","protected":false},"author":2,"featured_media":155373,"comment_status":"closed","ping_status":"closed","sticky":false,"template":"","format":"standard","meta":{"sfsi_plus_gutenberg_text_before_share":"","sfsi_plus_gutenberg_show_text_before_share":"","sfsi_plus_gutenberg_icon_type":"","sfsi_plus_gutenberg_icon_alignemt":"","sfsi_plus_gutenburg_max_per_row":"","footnotes":""},"categories":[13],"tags":[],"class_list":["post-155372","post","type-post","status-publish","format-standard","has-post-thumbnail","hentry","category-esportes"],"_links":{"self":[{"href":"https:\/\/www.caririemacao.com\/1\/wp-json\/wp\/v2\/posts\/155372","targetHints":{"allow":["GET"]}}],"collection":[{"href":"https:\/\/www.caririemacao.com\/1\/wp-json\/wp\/v2\/posts"}],"about":[{"href":"https:\/\/www.caririemacao.com\/1\/wp-json\/wp\/v2\/types\/post"}],"author":[{"embeddable":true,"href":"https:\/\/www.caririemacao.com\/1\/wp-json\/wp\/v2\/users\/2"}],"replies":[{"embeddable":true,"href":"https:\/\/www.caririemacao.com\/1\/wp-json\/wp\/v2\/comments?post=155372"}],"version-history":[{"count":1,"href":"https:\/\/www.caririemacao.com\/1\/wp-json\/wp\/v2\/posts\/155372\/revisions"}],"predecessor-version":[{"id":155374,"href":"https:\/\/www.caririemacao.com\/1\/wp-json\/wp\/v2\/posts\/155372\/revisions\/155374"}],"wp:featuredmedia":[{"embeddable":true,"href":"https:\/\/www.caririemacao.com\/1\/wp-json\/wp\/v2\/media\/155373"}],"wp:attachment":[{"href":"https:\/\/www.caririemacao.com\/1\/wp-json\/wp\/v2\/media?parent=155372"}],"wp:term":[{"taxonomy":"category","embeddable":true,"href":"https:\/\/www.caririemacao.com\/1\/wp-json\/wp\/v2\/categories?post=155372"},{"taxonomy":"post_tag","embeddable":true,"href":"https:\/\/www.caririemacao.com\/1\/wp-json\/wp\/v2\/tags?post=155372"}],"curies":[{"name":"wp","href":"https:\/\/api.w.org\/{rel}","templated":true}]}}