{"id":155376,"date":"2020-02-27T07:01:42","date_gmt":"2020-02-27T10:01:42","guid":{"rendered":"http:\/\/www.caririemacao.com\/1\/?p=155376"},"modified":"2020-02-27T07:01:44","modified_gmt":"2020-02-27T10:01:44","slug":"estados-e-municipios-tem-ate-domingo-para-informar-gastos-com-saude","status":"publish","type":"post","link":"https:\/\/www.caririemacao.com\/1\/2020\/02\/27\/estados-e-municipios-tem-ate-domingo-para-informar-gastos-com-saude\/","title":{"rendered":"Estados e munic\u00edpios t\u00eam at\u00e9 domingo para informar gastos com sa\u00fade"},"content":{"rendered":"\n<p>Estados e munic\u00edpios t\u00eam at\u00e9 o dia 1\u00ba (domingo) para declarar, no Sistema de Informa\u00e7\u00e3o sobre Or\u00e7amentos P\u00fablicos em Sa\u00fade (Siops), as receitas e despesas de 2019. De acordo com o Minist\u00e9rio da Sa\u00fade (MS), cerca de tr\u00eas mil gestores locais ainda n\u00e3o registraram seus gastos na \u00e1rea.<\/p>\n\n\n\n<p>As secretarias estaduais e municipais que n\u00e3o informarem os gastos dentro do prazo podem ter as transfer\u00eancias de recursos p\u00fablicos suspensas, como os Fundos de Participa\u00e7\u00e3o dos Estados (FPE) e dos Munic\u00edpios (FPM).<\/p>\n\n\n\n<p>Por lei, os estados e o Distrito Federal devem investir no m\u00ednimo 12% de suas receitas na sa\u00fade. No caso dos munic\u00edpios, a Constitui\u00e7\u00e3o determina o investimento m\u00ednimo de 15% na sa\u00fade p\u00fablica, enquanto o governo federal deve aplicar 15% da Recente Corrente L\u00edquida, atualizada pela infla\u00e7\u00e3o acumulada no per\u00edodo desde 2017.<\/p>\n\n\n\n<p>A aplica\u00e7\u00e3o m\u00ednima desses recursos \u00e9 acompanhada por meio do Siops. O sistema serve para que pessoas e \u00f3rg\u00e3os de controle possam fazer o acompanhamento da aplica\u00e7\u00e3o dos recursos na sa\u00fade.<\/p>\n\n\n\n<p>A lei determina que os gestores dos recursos do Sistema \u00danico de Sa\u00fade (SUS) abaste\u00e7am bimestralmente o sistema com as informa\u00e7\u00f5es. Ap\u00f3s o \u00faltimo bimestre (novembro e dezembro), s\u00e3o verificados os percentuais m\u00ednimos que devem ser aplicados na sa\u00fade, durante todo o ano.<\/p>\n\n\n\n<p>\u201cOs munic\u00edpios e estados que n\u00e3o transmitirem os dados do ano passado ter\u00e3o os repasses constitucionais e transfer\u00eancias volunt\u00e1rias (conv\u00eanios) suspensos at\u00e9 a regulariza\u00e7\u00e3o\u201d, informou o MS.<\/p>\n\n\n\n<p>O minist\u00e9rio informou ainda que a partir da regulariza\u00e7\u00e3o do envio de informa\u00e7\u00f5es ou do alcance do percentual m\u00ednimo exigido constitucionalmente, os recursos s\u00e3o liberados em at\u00e9 72 horas ap\u00f3s a publica\u00e7\u00e3o dos dados no sistema.<\/p>\n","protected":false},"excerpt":{"rendered":"<p>Estados e munic\u00edpios t\u00eam at\u00e9 o dia 1\u00ba (domingo) para declarar, no Sistema de Informa\u00e7\u00e3o sobre Or\u00e7amentos P\u00fablicos em Sa\u00fade (Siops), as receitas e despesas&hellip; <\/p>\n","protected":false},"author":2,"featured_media":155377,"comment_status":"closed","ping_status":"closed","sticky":false,"template":"","format":"standard","meta":{"sfsi_plus_gutenberg_text_before_share":"","sfsi_plus_gutenberg_show_text_before_share":"","sfsi_plus_gutenberg_icon_type":"","sfsi_plus_gutenberg_icon_alignemt":"","sfsi_plus_gutenburg_max_per_row":"","footnotes":""},"categories":[2,16],"tags":[],"class_list":["post-155376","post","type-post","status-publish","format-standard","has-post-thumbnail","hentry","category-geral","category-saude"],"_links":{"self":[{"href":"https:\/\/www.caririemacao.com\/1\/wp-json\/wp\/v2\/posts\/155376","targetHints":{"allow":["GET"]}}],"collection":[{"href":"https:\/\/www.caririemacao.com\/1\/wp-json\/wp\/v2\/posts"}],"about":[{"href":"https:\/\/www.caririemacao.com\/1\/wp-json\/wp\/v2\/types\/post"}],"author":[{"embeddable":true,"href":"https:\/\/www.caririemacao.com\/1\/wp-json\/wp\/v2\/users\/2"}],"replies":[{"embeddable":true,"href":"https:\/\/www.caririemacao.com\/1\/wp-json\/wp\/v2\/comments?post=155376"}],"version-history":[{"count":1,"href":"https:\/\/www.caririemacao.com\/1\/wp-json\/wp\/v2\/posts\/155376\/revisions"}],"predecessor-version":[{"id":155378,"href":"https:\/\/www.caririemacao.com\/1\/wp-json\/wp\/v2\/posts\/155376\/revisions\/155378"}],"wp:featuredmedia":[{"embeddable":true,"href":"https:\/\/www.caririemacao.com\/1\/wp-json\/wp\/v2\/media\/155377"}],"wp:attachment":[{"href":"https:\/\/www.caririemacao.com\/1\/wp-json\/wp\/v2\/media?parent=155376"}],"wp:term":[{"taxonomy":"category","embeddable":true,"href":"https:\/\/www.caririemacao.com\/1\/wp-json\/wp\/v2\/categories?post=155376"},{"taxonomy":"post_tag","embeddable":true,"href":"https:\/\/www.caririemacao.com\/1\/wp-json\/wp\/v2\/tags?post=155376"}],"curies":[{"name":"wp","href":"https:\/\/api.w.org\/{rel}","templated":true}]}}