{"id":155383,"date":"2020-02-27T07:04:34","date_gmt":"2020-02-27T10:04:34","guid":{"rendered":"http:\/\/www.caririemacao.com\/1\/?p=155383"},"modified":"2020-02-27T07:04:36","modified_gmt":"2020-02-27T10:04:36","slug":"organizacao-mundial-da-saude-descarta-restricao-de-amamentacao-em-maes-diagnosticadas-com-coronavirus","status":"publish","type":"post","link":"https:\/\/www.caririemacao.com\/1\/2020\/02\/27\/organizacao-mundial-da-saude-descarta-restricao-de-amamentacao-em-maes-diagnosticadas-com-coronavirus\/","title":{"rendered":"Organiza\u00e7\u00e3o Mundial da Sa\u00fade descarta restri\u00e7\u00e3o de amamenta\u00e7\u00e3o em m\u00e3es diagn\u00f3sticadas com coronav\u00edrus"},"content":{"rendered":"\n<p>Ap\u00f3s a detec\u00e7\u00e3o de um brasileiro infectado com o coronav\u00edrus nesta quarta-feira (26) e a suspeita de mais 20 pessoas em monitoramento pelo Minist\u00e9rio da Sa\u00fade, a&nbsp;Organiza\u00e7\u00e3o Mundial da Sa\u00fade e a&nbsp;Federa\u00e7\u00e3o Brasileira das Associa\u00e7\u00f5es de Ginecologia e Obstetr\u00edcia&nbsp;em&nbsp;Assist\u00eancia Pr\u00e9-Natal e Doen\u00e7as Infecto-Contagiosas esclareceram sobre os impactos do coronav\u00edrus para as gestantes.<\/p>\n\n\n\n<p>Nos casos em que as m\u00e3es s\u00e3o infectadas,&nbsp;a Organiza\u00e7\u00e3o Mundial da Sa\u00fade esclarece que a&nbsp;amamenta\u00e7\u00e3o pode ser mantida para m\u00e3es&nbsp;infectadas por este v\u00edrus. &#8220;A&nbsp;OMS&nbsp;sugere que pu\u00e9rperas em bom estado geral deveriam manter a amamenta\u00e7\u00e3o utilizando m\u00e1scaras de prote\u00e7\u00e3o e higieniza\u00e7\u00e3o pr\u00e9via das m\u00e3os. Na tradu\u00e7\u00e3o b\u00e1sica desta orienta\u00e7\u00e3o a justificativa foi que \u201cConsiderando os benef\u00edcios da amamenta\u00e7\u00e3o e o papel insignificante do leite materno na transmiss\u00e3o de outros v\u00edrus respirat\u00f3rios, a pu\u00e9rpera pode amamentar desde que as condi\u00e7\u00f5es cl\u00ednicas o permitam\u201d.<br><\/p>\n\n\n\n<p>De acordo com os \u00f3rg\u00e3os, \u00e9 necess\u00e1rio considerar que esta \u00e9 uma doen\u00e7a de aparecimento recente, mas que se assemelha com outras como a H1N1. &#8220;Ambas apontam a necessidade imperiosa de suporte avan\u00e7ado de vida para gestantes que podem ter progn\u00f3sticos materno e gestacional severamente comprometidos. Todos real\u00e7am a import\u00e2ncia dos cuidados com a dispers\u00e3o do v\u00edrus.&nbsp; Por sua vez, a infec\u00e7\u00e3o pelo H1N1 em gestantes tem vasto suporte na literatura decorrente de sua gravidade e de sua elevada preval\u00eancia em todo o planeta.&nbsp; At\u00e9 o momento, o cuidado pr\u00e9-natal e obst\u00e9trico projetado para a eventualidade de termos casos de COVID-19 no pa\u00eds ser\u00e1 baseado no conhecimento referente ao H1N1, claro considerando sua diferen\u00e7as&#8221;, explicou em carta divulgada.&nbsp;<\/p>\n\n\n\n<p>A entidade refor\u00e7a que as gestantes devem manter os cuidados normais de higiene ao longo do pr\u00e9-natal, &#8220;os cuidados ser\u00e3o aqueles usuais com a higieniza\u00e7\u00e3o das m\u00e3os,&nbsp;evitar aglomera\u00e7\u00f5es, contato com pessoas febris e contato com pessoas apresentando manifesta\u00e7\u00f5es de infec\u00e7\u00e3o respirat\u00f3ria, evitar contato das m\u00e3os com boca, nariz ou olhos s\u00e3o as medidas mais efetivas contra a dissemina\u00e7\u00e3o destas duas infec\u00e7\u00f5es&#8221;, destacando que, &#8220;para o atendimento de gestante classificada como caso suspeito&nbsp;ela dever\u00e1 utilizar m\u00e1scara de prote\u00e7\u00e3o e o profissional dever\u00e1 utilizar m\u00e1scara, luvas, \u00f3culos e avental. Dentro das orienta\u00e7\u00f5es dos planos de conten\u00e7\u00e3o da infec\u00e7\u00e3o nos hospitais estes casos dever\u00e3o ser hospitalizados at\u00e9 diagn\u00f3stico&#8221;, esclarece.&nbsp;<\/p>\n\n\n\n<p>Ainda segundo nota divulgada, at\u00e9 o momento &#8220;n\u00e3o h\u00e1 nenhuma informa\u00e7\u00e3o sobre o potencial do COVID-19 para causar algum tipo de malforma\u00e7\u00f5es nos fetos. Com o tempo ser\u00e1 poss\u00edvel assumir informa\u00e7\u00f5es deste tipo com seguran\u00e7a.&#8221;<\/p>\n","protected":false},"excerpt":{"rendered":"<p>Ap\u00f3s a detec\u00e7\u00e3o de um brasileiro infectado com o coronav\u00edrus nesta quarta-feira (26) e a suspeita de mais 20 pessoas em monitoramento pelo Minist\u00e9rio da&hellip; <\/p>\n","protected":false},"author":2,"featured_media":155384,"comment_status":"closed","ping_status":"closed","sticky":false,"template":"","format":"standard","meta":{"sfsi_plus_gutenberg_text_before_share":"","sfsi_plus_gutenberg_show_text_before_share":"","sfsi_plus_gutenberg_icon_type":"","sfsi_plus_gutenberg_icon_alignemt":"","sfsi_plus_gutenburg_max_per_row":"","footnotes":""},"categories":[16],"tags":[],"class_list":["post-155383","post","type-post","status-publish","format-standard","has-post-thumbnail","hentry","category-saude"],"_links":{"self":[{"href":"https:\/\/www.caririemacao.com\/1\/wp-json\/wp\/v2\/posts\/155383","targetHints":{"allow":["GET"]}}],"collection":[{"href":"https:\/\/www.caririemacao.com\/1\/wp-json\/wp\/v2\/posts"}],"about":[{"href":"https:\/\/www.caririemacao.com\/1\/wp-json\/wp\/v2\/types\/post"}],"author":[{"embeddable":true,"href":"https:\/\/www.caririemacao.com\/1\/wp-json\/wp\/v2\/users\/2"}],"replies":[{"embeddable":true,"href":"https:\/\/www.caririemacao.com\/1\/wp-json\/wp\/v2\/comments?post=155383"}],"version-history":[{"count":1,"href":"https:\/\/www.caririemacao.com\/1\/wp-json\/wp\/v2\/posts\/155383\/revisions"}],"predecessor-version":[{"id":155385,"href":"https:\/\/www.caririemacao.com\/1\/wp-json\/wp\/v2\/posts\/155383\/revisions\/155385"}],"wp:featuredmedia":[{"embeddable":true,"href":"https:\/\/www.caririemacao.com\/1\/wp-json\/wp\/v2\/media\/155384"}],"wp:attachment":[{"href":"https:\/\/www.caririemacao.com\/1\/wp-json\/wp\/v2\/media?parent=155383"}],"wp:term":[{"taxonomy":"category","embeddable":true,"href":"https:\/\/www.caririemacao.com\/1\/wp-json\/wp\/v2\/categories?post=155383"},{"taxonomy":"post_tag","embeddable":true,"href":"https:\/\/www.caririemacao.com\/1\/wp-json\/wp\/v2\/tags?post=155383"}],"curies":[{"name":"wp","href":"https:\/\/api.w.org\/{rel}","templated":true}]}}