{"id":155387,"date":"2020-02-27T07:05:49","date_gmt":"2020-02-27T10:05:49","guid":{"rendered":"http:\/\/www.caririemacao.com\/1\/?p=155387"},"modified":"2020-02-27T07:05:51","modified_gmt":"2020-02-27T10:05:51","slug":"familiares-de-homem-com-suspeita-de-coronavirus-na-paraiba-estao-sendo-monitorados","status":"publish","type":"post","link":"https:\/\/www.caririemacao.com\/1\/2020\/02\/27\/familiares-de-homem-com-suspeita-de-coronavirus-na-paraiba-estao-sendo-monitorados\/","title":{"rendered":"Familiares de homem com suspeita de coronav\u00edrus na Para\u00edba est\u00e3o sendo monitorados"},"content":{"rendered":"\n<p>Os familiares do homem internado com suspeita de infec\u00e7\u00e3o pelo novo coronav\u00edrus tamb\u00e9m est\u00e3o sendo monitorados. A informa\u00e7\u00e3o foi confirmada ao ClickPB, nesta quarta-feira (26), pela assessoria de imprensa da Secretaria de Estado da Sa\u00fade da Para\u00edba (SES). O homem retornou da It\u00e1lia na segunda-feira (24) e foi internado nessa ter\u00e7a-feira (25) com sintomas como tosse e febre.<\/p>\n\n\n\n<p>A assessoria da Secretaria de Sa\u00fade informou ao ClickPB que s\u00e3o dois familiares que viajaram com o homem internado. A equipe lembrou tamb\u00e9m que &#8220;a recomenda\u00e7\u00e3o do Minist\u00e9rio da Sa\u00fade \u00e9 que as pessoas que est\u00e3o assintom\u00e1ticas e voltaram de \u00e1reas com transmiss\u00e3o direta fiquem em suas casas por 14 dias.&#8221;<\/p>\n","protected":false},"excerpt":{"rendered":"<p>Os familiares do homem internado com suspeita de infec\u00e7\u00e3o pelo novo coronav\u00edrus tamb\u00e9m est\u00e3o sendo monitorados. A informa\u00e7\u00e3o foi confirmada ao ClickPB, nesta quarta-feira (26),&hellip; <\/p>\n","protected":false},"author":2,"featured_media":155388,"comment_status":"closed","ping_status":"closed","sticky":false,"template":"","format":"standard","meta":{"sfsi_plus_gutenberg_text_before_share":"","sfsi_plus_gutenberg_show_text_before_share":"","sfsi_plus_gutenberg_icon_type":"","sfsi_plus_gutenberg_icon_alignemt":"","sfsi_plus_gutenburg_max_per_row":"","footnotes":""},"categories":[2],"tags":[],"class_list":["post-155387","post","type-post","status-publish","format-standard","has-post-thumbnail","hentry","category-geral"],"_links":{"self":[{"href":"https:\/\/www.caririemacao.com\/1\/wp-json\/wp\/v2\/posts\/155387","targetHints":{"allow":["GET"]}}],"collection":[{"href":"https:\/\/www.caririemacao.com\/1\/wp-json\/wp\/v2\/posts"}],"about":[{"href":"https:\/\/www.caririemacao.com\/1\/wp-json\/wp\/v2\/types\/post"}],"author":[{"embeddable":true,"href":"https:\/\/www.caririemacao.com\/1\/wp-json\/wp\/v2\/users\/2"}],"replies":[{"embeddable":true,"href":"https:\/\/www.caririemacao.com\/1\/wp-json\/wp\/v2\/comments?post=155387"}],"version-history":[{"count":1,"href":"https:\/\/www.caririemacao.com\/1\/wp-json\/wp\/v2\/posts\/155387\/revisions"}],"predecessor-version":[{"id":155389,"href":"https:\/\/www.caririemacao.com\/1\/wp-json\/wp\/v2\/posts\/155387\/revisions\/155389"}],"wp:featuredmedia":[{"embeddable":true,"href":"https:\/\/www.caririemacao.com\/1\/wp-json\/wp\/v2\/media\/155388"}],"wp:attachment":[{"href":"https:\/\/www.caririemacao.com\/1\/wp-json\/wp\/v2\/media?parent=155387"}],"wp:term":[{"taxonomy":"category","embeddable":true,"href":"https:\/\/www.caririemacao.com\/1\/wp-json\/wp\/v2\/categories?post=155387"},{"taxonomy":"post_tag","embeddable":true,"href":"https:\/\/www.caririemacao.com\/1\/wp-json\/wp\/v2\/tags?post=155387"}],"curies":[{"name":"wp","href":"https:\/\/api.w.org\/{rel}","templated":true}]}}