{"id":155391,"date":"2020-02-27T07:07:31","date_gmt":"2020-02-27T10:07:31","guid":{"rendered":"http:\/\/www.caririemacao.com\/1\/?p=155391"},"modified":"2020-02-27T07:07:33","modified_gmt":"2020-02-27T10:07:33","slug":"assassinatos-tem-reducao-pelo-quarto-ano-no-carnaval-e-2020-registra-queda-de-91","status":"publish","type":"post","link":"https:\/\/www.caririemacao.com\/1\/2020\/02\/27\/assassinatos-tem-reducao-pelo-quarto-ano-no-carnaval-e-2020-registra-queda-de-91\/","title":{"rendered":"Assassinatos t\u00eam redu\u00e7\u00e3o pelo quarto ano no Carnaval e 2020 registra queda de 9,1%"},"content":{"rendered":"\n<p>Este ano, as for\u00e7as de Seguran\u00e7a da Para\u00edba alcan\u00e7aram quatro anos de redu\u00e7\u00e3o consecutiva de assassinatos no per\u00edodo carnavalesco. Em 2020, a queda em rela\u00e7\u00e3o ao ano anterior foi de 9,1%, com um caso a menos, sem homic\u00eddios registrados em locais de festa, e em 2019 a diminui\u00e7\u00e3o de ocorr\u00eancias foi de 35% em compara\u00e7\u00e3o a 2018.<\/p>\n\n\n\n<p>Os n\u00fameros s\u00e3o resultado do Planejamento Estrat\u00e9gico tra\u00e7ado pela Secretaria da Seguran\u00e7a e da Defesa Social (Sesds) e executado pela Pol\u00edcia Militar, Pol\u00edcia Civil e pelo Corpo de Bombeiros Militar da sexta-feira de Carnaval at\u00e9 a Quarta-feira de Cinzas, envolvendo a\u00e7\u00f5es preventivas e repressivas, realiza\u00e7\u00e3o de procedimentos policiais, al\u00e9m de resgates e salvamentos, tanto na regi\u00e3o do litoral como no sert\u00e3o paraibano, por parte dos \u00f3rg\u00e3os operativos da pasta.<\/p>\n\n\n\n<p>De acordo com o N\u00facleo de An\u00e1lise Criminal e Estat\u00edstica (Nace) da pasta, este ano foram contabilizados 10 casos de Crimes Violentos Letais Intencionais (CVLI) \u2013 homic\u00eddios dolosos ou qualquer outro crime doloso que resulte em morte \u2013 no per\u00edodo no Carnaval (sexta a ter\u00e7a-feira). As ocorr\u00eancias aconteceram nas cidades de Jo\u00e3o Pessoa, Santa Rita, Soledade, Aroeiras, S\u00e3o Miguel de Taipu, Fagundes, Junco do Serid\u00f3 e Catol\u00e9 do Rocha.<br>&nbsp;<br><strong>Emprego de efetivo<\/strong>&nbsp;\u2013 A Pol\u00edcia Militar montou um esquema envolvendo o refor\u00e7o de 1.850 policiais por dia, especificamente para os festejos e locais de maior movimenta\u00e7\u00e3o nesta \u00e9poca, com viaturas, POPs (Pontos de Observa\u00e7\u00e3o Policial), drones e van de videomonitoramento. Entre as pr\u00e9vias e o carnaval, a PM esteve em mais de 630 eventos, o que demandou mais de 17 mil servi\u00e7os gerados.<br>&nbsp;<br>As a\u00e7\u00f5es&nbsp;do Corpo de Bombeiros Militar (CBMPB) inclu\u00edram preven\u00e7\u00e3o e o salvamento aqu\u00e1tico, al\u00e9m de combate a inc\u00eandio, atendimento pr\u00e9-hospitalar e busca e salvamento, bem como a atua\u00e7\u00e3o dos mergulhadores de resgate. Este ano, n\u00e3o houve mortes por afogamentos. De forma geral, 454 militares foram empregados durante o per\u00edodo, desenvolvendo a\u00e7\u00f5es de preven\u00e7\u00e3o e emerg\u00eancia, auxiliados por 10 embarca\u00e7\u00f5es. Da praia de Barra de Camaratuba at\u00e9 Aca\u00fa, na cidade de Pitimbu, a corpora\u00e7\u00e3o teve guarda-vidas espalhados nos pontos tradicionalmente mais movimentados, totalizando 36 postos ativos.&nbsp;<br>&nbsp;<br>A Pol\u00edcia Civil da Para\u00edba aumentou o efetivo nas delegacias e manteve p\u00f3los de atendimento em regime de plant\u00e3o durante o Carnaval, em todas as regi\u00f5es do Estado.<\/p>\n\n\n\n<p>Foram utilizados 1.005 policiais civis em escalas de plant\u00e3o entre delegados, escriv\u00e3es, agentes de investiga\u00e7\u00e3o, agentes operacionais, peritos, t\u00e9cnicos em per\u00edcia, necrotomistas e papiloscopistas. Para atendimento \u00e0 popula\u00e7\u00e3o, tamb\u00e9m foram utilizadas 270 viaturas espalhadas entre os p\u00f3los de plant\u00e3o das seccionais de Pol\u00edcia Civil.<br>&nbsp;<br><strong>Opera\u00e7\u00e3o Lei Seca<\/strong>&nbsp;\u2013 Este ano, o Departamento Estadual de Tr\u00e2nsito (Detran-PB) notificou 57 motoristas por dirigir sob efeito de \u00e1lcool, durante a Opera\u00e7\u00e3o Lei Seca realizada no Carnaval de 2020. De acordo com a Coordena\u00e7\u00e3o de Policiamento e Fiscaliza\u00e7\u00e3o de Tr\u00e2nsito, foram realizados 798 testes de baf\u00f4metro, resultando na apreens\u00e3o de 52 carteiras de habilita\u00e7\u00e3o (CNH) e na remo\u00e7\u00e3o de 13 ve\u00edculos aos p\u00e1tios do \u00f3rg\u00e3o. A opera\u00e7\u00e3o ainda autuou 80 condutores em flagrante pela pr\u00e1tica de outras infra\u00e7\u00f5es ao C\u00f3digo de Tr\u00e2nsito Brasileiro (CTB).<\/p>\n","protected":false},"excerpt":{"rendered":"<p>Este ano, as for\u00e7as de Seguran\u00e7a da Para\u00edba alcan\u00e7aram quatro anos de redu\u00e7\u00e3o consecutiva de assassinatos no per\u00edodo carnavalesco. Em 2020, a queda em rela\u00e7\u00e3o&hellip; <\/p>\n","protected":false},"author":2,"featured_media":155392,"comment_status":"closed","ping_status":"closed","sticky":false,"template":"","format":"standard","meta":{"sfsi_plus_gutenberg_text_before_share":"","sfsi_plus_gutenberg_show_text_before_share":"","sfsi_plus_gutenberg_icon_type":"","sfsi_plus_gutenberg_icon_alignemt":"","sfsi_plus_gutenburg_max_per_row":"","footnotes":""},"categories":[12],"tags":[],"class_list":["post-155391","post","type-post","status-publish","format-standard","has-post-thumbnail","hentry","category-policia"],"_links":{"self":[{"href":"https:\/\/www.caririemacao.com\/1\/wp-json\/wp\/v2\/posts\/155391","targetHints":{"allow":["GET"]}}],"collection":[{"href":"https:\/\/www.caririemacao.com\/1\/wp-json\/wp\/v2\/posts"}],"about":[{"href":"https:\/\/www.caririemacao.com\/1\/wp-json\/wp\/v2\/types\/post"}],"author":[{"embeddable":true,"href":"https:\/\/www.caririemacao.com\/1\/wp-json\/wp\/v2\/users\/2"}],"replies":[{"embeddable":true,"href":"https:\/\/www.caririemacao.com\/1\/wp-json\/wp\/v2\/comments?post=155391"}],"version-history":[{"count":1,"href":"https:\/\/www.caririemacao.com\/1\/wp-json\/wp\/v2\/posts\/155391\/revisions"}],"predecessor-version":[{"id":155393,"href":"https:\/\/www.caririemacao.com\/1\/wp-json\/wp\/v2\/posts\/155391\/revisions\/155393"}],"wp:featuredmedia":[{"embeddable":true,"href":"https:\/\/www.caririemacao.com\/1\/wp-json\/wp\/v2\/media\/155392"}],"wp:attachment":[{"href":"https:\/\/www.caririemacao.com\/1\/wp-json\/wp\/v2\/media?parent=155391"}],"wp:term":[{"taxonomy":"category","embeddable":true,"href":"https:\/\/www.caririemacao.com\/1\/wp-json\/wp\/v2\/categories?post=155391"},{"taxonomy":"post_tag","embeddable":true,"href":"https:\/\/www.caririemacao.com\/1\/wp-json\/wp\/v2\/tags?post=155391"}],"curies":[{"name":"wp","href":"https:\/\/api.w.org\/{rel}","templated":true}]}}