{"id":155398,"date":"2020-02-27T07:16:29","date_gmt":"2020-02-27T10:16:29","guid":{"rendered":"http:\/\/www.caririemacao.com\/1\/?p=155398"},"modified":"2020-02-27T07:16:31","modified_gmt":"2020-02-27T10:16:31","slug":"escola-de-samba-viradouro-e-a-campea-do-carnaval-do-rio-de-janeiro","status":"publish","type":"post","link":"https:\/\/www.caririemacao.com\/1\/2020\/02\/27\/escola-de-samba-viradouro-e-a-campea-do-carnaval-do-rio-de-janeiro\/","title":{"rendered":"Escola de samba Viradouro \u00e9 a campe\u00e3 do Carnaval do Rio de Janeiro"},"content":{"rendered":"\n<div class=\"wp-block-image\"><figure class=\"aligncenter\"><img decoding=\"async\" data-src=\"http:\/\/deolhonocariri.com.br\/wp-content\/uploads\/2020\/02\/unidos-viradouro-escola-campea-rio-abr.jpg\" alt=\"\" class=\"wp-image-78469 lazyload\" src=\"data:image\/svg+xml;base64,PHN2ZyB3aWR0aD0iMSIgaGVpZ2h0PSIxIiB4bWxucz0iaHR0cDovL3d3dy53My5vcmcvMjAwMC9zdmciPjwvc3ZnPg==\" \/><\/figure><\/div>\n\n\n\n<p>O resultado dos desfiles das escolas de samba do Grupo Especial foi divulgado hoje (26) pela Liga Independente das Escolas de Samba (Liesa), na Pra\u00e7a da Apoteose.<\/p>\n\n\n\n<p>Esta \u00e9 a segunda vit\u00f3ria da escola, que tamb\u00e9m levou o t\u00edtulo 1997.<\/p>\n\n\n\n<p>Com o enredo Viradouro de alma lavada, dos carnavalescos Marcus Ferreira e Tarc\u00edsio Zanon, a escola de Niter\u00f3i resgata a bravura das escravas de ganho do Abaet\u00e9, que trabalhavam para comprar a alforria de parentes e amigos.<\/p>\n\n\n\n<p>\u201cViradouro de alma lavada descreve a valentia e a bravura das mulheres que fizeram parte do in\u00edcio das p\u00e1ginas da hist\u00f3ria de liberdade do nosso pa\u00eds\u201d, explica a descri\u00e7\u00e3o do desfile deste ano.<\/p>\n\n\n\n<p>Em segundo lugar, ficou a Acad\u00eamicos do Grande Rio. Com o enredo \u201cTata Londir\u00e1 \u2013 O canto do caboclo no Quilombo de Caxias\u201d, dos carnavalescos Gabriel Haddad e Leonardo Bora, a escola contou a hist\u00f3ria de Jo\u00e3o Alves Torres Filho, o babalorix\u00e1 Jo\u00e3ozinho da Gomeia, que virou um \u00edcone do candombl\u00e9 no Brasil.<\/p>\n\n\n\n<p>Os envelopes com as notas das escolas foram abertos na seguinte ordem: fantasias; samba-enredo; comiss\u00e3o de frente; enredo; alegorias e adere\u00e7os; bateria; mestre-sala e porta-bandeira; evolu\u00e7\u00e3o; e harmonia.<\/p>\n\n\n\n<p>A pontua\u00e7\u00e3o da escola nos quesitos considerou tr\u00eas das cinco notas. Foram descartadas a maior e a menor nota.<\/p>\n\n\n\n<p>As notas foram atribu\u00eddas a cada escola pelos 45 jurados do carnaval de 2020. As seis que somaram mais pontos voltam ao Samb\u00f3dromo no pr\u00f3ximo s\u00e1bado (29), para o tradicional desfile das campe\u00e3s. Desfilam, al\u00e9m da Viradouro, Mangueira, Grande Rio, Salgueiro, Mocidade e Beija-Flor.<\/p>\n\n\n\n<p><strong>Rebaixamentos<\/strong><\/p>\n\n\n\n<p>Foram rebaixadas as escolas Est\u00e1cio de S\u00e1, com o enredo \u201cPedra e Uni\u00e3o da Ilha do Governador\u201d, e a Uni\u00e3o da Ilha com o enredo \u201cNas encruzilhadas da vida, entre becos, ruas e vielas; a sorte est\u00e1 lan\u00e7ada: salve-se quem puder!\u201d<\/p>\n\n\n\n<p>Com os dois rebaixamentos este ano, o Grupo Especial volta a ter 12 escolas.<\/p>\n\n\n\n<p>A primeira divis\u00e3o do samba passou a ter 13 escolas depois que os rebaixamentos de 2017 foram suspensos.<\/p>\n\n\n\n<p>Para\u00edso do Tuiuti cairia para a S\u00e9rie A, mas a Liesa decidiu, antes da apura\u00e7\u00e3o, que nenhuma escola seria rebaixada devido aos acidentes que ocorreram durante os desfiles da pr\u00f3pria Tuiuti e da Unidos da Tijuca.<\/p>\n\n\n\n<p>Ficou decidido em 2017, por\u00e9m, que duas escolas seriam rebaixadas do Grupo Especial em 2018, o que tamb\u00e9m n\u00e3o ocorreu.<\/p>\n\n\n\n<p>Imp\u00e9rio Serrano e Grande Rio, que ficaram nas \u00faltimas posi\u00e7\u00f5es, permaneceram no Grupo Especial para 2019.<\/p>\n\n\n\n<p>Com isso, houve 14 escolas nos dias principais de desfiles no Samb\u00f3dromo do Rio, n\u00famero que caiu para 13 com o rebaixamento de Imperatriz Leopoldinense e Imp\u00e9rio Serrano no ano passado.<\/p>\n\n\n\n<p><em>informa\u00e7\u00f5es e foto: Ag\u00eancia Brasil<\/em><\/p>\n","protected":false},"excerpt":{"rendered":"<p>O resultado dos desfiles das escolas de samba do Grupo Especial foi divulgado hoje (26) pela Liga Independente das Escolas de Samba (Liesa), na Pra\u00e7a&hellip; <\/p>\n","protected":false},"author":2,"featured_media":155399,"comment_status":"closed","ping_status":"closed","sticky":false,"template":"","format":"standard","meta":{"sfsi_plus_gutenberg_text_before_share":"","sfsi_plus_gutenberg_show_text_before_share":"","sfsi_plus_gutenberg_icon_type":"","sfsi_plus_gutenberg_icon_alignemt":"","sfsi_plus_gutenburg_max_per_row":"","footnotes":""},"categories":[2],"tags":[],"class_list":["post-155398","post","type-post","status-publish","format-standard","has-post-thumbnail","hentry","category-geral"],"_links":{"self":[{"href":"https:\/\/www.caririemacao.com\/1\/wp-json\/wp\/v2\/posts\/155398","targetHints":{"allow":["GET"]}}],"collection":[{"href":"https:\/\/www.caririemacao.com\/1\/wp-json\/wp\/v2\/posts"}],"about":[{"href":"https:\/\/www.caririemacao.com\/1\/wp-json\/wp\/v2\/types\/post"}],"author":[{"embeddable":true,"href":"https:\/\/www.caririemacao.com\/1\/wp-json\/wp\/v2\/users\/2"}],"replies":[{"embeddable":true,"href":"https:\/\/www.caririemacao.com\/1\/wp-json\/wp\/v2\/comments?post=155398"}],"version-history":[{"count":1,"href":"https:\/\/www.caririemacao.com\/1\/wp-json\/wp\/v2\/posts\/155398\/revisions"}],"predecessor-version":[{"id":155400,"href":"https:\/\/www.caririemacao.com\/1\/wp-json\/wp\/v2\/posts\/155398\/revisions\/155400"}],"wp:featuredmedia":[{"embeddable":true,"href":"https:\/\/www.caririemacao.com\/1\/wp-json\/wp\/v2\/media\/155399"}],"wp:attachment":[{"href":"https:\/\/www.caririemacao.com\/1\/wp-json\/wp\/v2\/media?parent=155398"}],"wp:term":[{"taxonomy":"category","embeddable":true,"href":"https:\/\/www.caririemacao.com\/1\/wp-json\/wp\/v2\/categories?post=155398"},{"taxonomy":"post_tag","embeddable":true,"href":"https:\/\/www.caririemacao.com\/1\/wp-json\/wp\/v2\/tags?post=155398"}],"curies":[{"name":"wp","href":"https:\/\/api.w.org\/{rel}","templated":true}]}}